{"id":477,"date":"2010-10-18T11:34:00","date_gmt":"2010-10-18T11:34:00","guid":{"rendered":"https:\/\/ecletismomusical.pt\/camane-do-amor-e-dos-dias\/"},"modified":"2010-10-18T11:34:00","modified_gmt":"2010-10-18T11:34:00","slug":"camane-do-amor-e-dos-dias","status":"publish","type":"post","link":"https:\/\/www.ecletismomusical.pt\/en\/camane-do-amor-e-dos-dias\/","title":{"rendered":"Caman\u00e9 &#8211; Do Amor e dos Dias"},"content":{"rendered":"<div style=\"clear: both;text-align: center\"><a href=\"http:\/\/2.bp.blogspot.com\/_V_PZB5alXKo\/TJsaGvcaRXI\/AAAAAAAAC_c\/KeDqQB7bsT8\/s1600\/Caman%C3%A9.jpg\" style=\"clear: left;float: left;margin-bottom: 1em;margin-right: 1em\"><img height=\"315\" src=\"http:\/\/2.bp.blogspot.com\/_V_PZB5alXKo\/TJsaGvcaRXI\/AAAAAAAAC_c\/KeDqQB7bsT8\/s320\/Caman%C3%A9.jpg\" width=\"320\" \/><\/a><\/div>\n<p><\/p>\n<div><\/div>\n<div><\/div>\n<div><\/div>\n<div style=\"font-family: Arial,Helvetica,sans-serif\">\n<p><a href=\"http:\/\/www.camane.com\/engine.php?cat=47#\">\u00abDo Amor e dos Dias\u00bb<\/a> entrou directamente para o primeiro lugar do top nacional de vendas. Numa altura em que os \u00e1lbuns est\u00e3o cada vez mais pequenos porque, defende-se, o p\u00fablico n\u00e3o tem tempo\/vontade de ouvir discos longos, <b><a href=\"http:\/\/www.camane.com\/engine.php?cat=47#\"> Caman\u00e9<\/a><\/b>, lan\u00e7a um disco de <b>Fado<\/b> constitu\u00eddo por 18 temas. Tal como em discos anteriores, o novo disco contou com  a produ\u00e7\u00e3o, arranjos e direc\u00e7\u00e3o musical de <b>Jos\u00e9 M\u00e1rio Branco<\/b>. O  instrumental ficou a cargo de <b>Jos\u00e9 Manuel Neto<\/b> (guitarra portuguesa),  <b>Carlos Manuel Proen\u00e7a<\/b> (viola) e <b>Carlos Bica <\/b>(contrabaixo).<\/p>\n<p>O \u00e1lbum conta como <i>single<\/i> com um <b>Fado<\/b> \u00abtr\u00e1gico-c\u00f3mico\u00bb <b>\u00abA Guerra das Rosas\u00bb<\/b> que est\u00e1, ainda assim, longe de representar mais este excelente \u00e1lbum de <b>Caman\u00e9<\/b>, o melhor fadista portugu\u00eas da actualidade (excluindo obviamente <b>Carlos do Carmo<\/b>).<br \/><br \/>Fica aqui um dos melhores temas do \u00e1lbum:<\/div>\n<p><\/p>","protected":false},"excerpt":{"rendered":"<p>\u00abDo Amor e dos Dias\u00bb entrou directamente para o primeiro lugar do top nacional de vendas. Numa altura em que os \u00e1lbuns est\u00e3o cada vez mais pequenos porque, defende-se, o p\u00fablico n\u00e3o tem tempo\/vontade de ouvir discos longos, Caman\u00e9, lan\u00e7a um disco de Fado constitu\u00eddo por 18 temas. Tal como em discos anteriores, o novo<\/p>","protected":false},"author":1,"featured_media":0,"comment_status":"open","ping_status":"open","sticky":false,"template":"","format":"standard","meta":[],"categories":[1],"tags":[],"_links":{"self":[{"href":"https:\/\/www.ecletismomusical.pt\/en\/wp-json\/wp\/v2\/posts\/477"}],"collection":[{"href":"https:\/\/www.ecletismomusical.pt\/en\/wp-json\/wp\/v2\/posts"}],"about":[{"href":"https:\/\/www.ecletismomusical.pt\/en\/wp-json\/wp\/v2\/types\/post"}],"author":[{"embeddable":true,"href":"https:\/\/www.ecletismomusical.pt\/en\/wp-json\/wp\/v2\/users\/1"}],"replies":[{"embeddable":true,"href":"https:\/\/www.ecletismomusical.pt\/en\/wp-json\/wp\/v2\/comments?post=477"}],"version-history":[{"count":0,"href":"https:\/\/www.ecletismomusical.pt\/en\/wp-json\/wp\/v2\/posts\/477\/revisions"}],"wp:attachment":[{"href":"https:\/\/www.ecletismomusical.pt\/en\/wp-json\/wp\/v2\/media?parent=477"}],"wp:term":[{"taxonomy":"category","embeddable":true,"href":"https:\/\/www.ecletismomusical.pt\/en\/wp-json\/wp\/v2\/categories?post=477"},{"taxonomy":"post_tag","embeddable":true,"href":"https:\/\/www.ecletismomusical.pt\/en\/wp-json\/wp\/v2\/tags?post=477"}],"curies":[{"name":"wp","href":"https:\/\/api.w.org\/{rel}","templated":true}]}}