{"id":4790,"date":"2019-07-12T11:56:46","date_gmt":"2019-07-12T10:56:46","guid":{"rendered":"https:\/\/www.ecletismomusical.pt\/?p=4790"},"modified":"2019-07-12T11:59:19","modified_gmt":"2019-07-12T10:59:19","slug":"cover-salvador-sobral-so-jorge-palma-cover","status":"publish","type":"post","link":"https:\/\/www.ecletismomusical.pt\/en\/cover-salvador-sobral-so-jorge-palma-cover\/","title":{"rendered":"[Cover] Salvador Sobral &#8211; S\u00f3 (Jorge Palma Cover)"},"content":{"rendered":"<div class=\"wp-block-embed__wrapper\">\n<iframe width=\"900\" height=\"506\" src=\"https:\/\/www.youtube.com\/embed\/fyvVj2cW8nM?feature=oembed\" frameborder=\"0\" allowfullscreen><\/iframe>\n<\/div>\n\n\n\n<p>&#8220;A<em> Quinta das Can\u00e7\u00f5es \u00e9 a nova proposta de Andr\u00e9 Santos e Salvador Sobral. Todas as quintas-feiras os dois m\u00fasicos e amigos tocar\u00e3o um tema da sua prefer\u00eancia, destacando can\u00e7\u00f5es que os inspiram. Esta \u00e9 uma forma despretensiosa mas muito afectiva, em que Andr\u00e9 Santos e Salvador Sobral decidem homenagear os seus afectos, admira\u00e7\u00f5es e influ\u00eancias musicais. De esp\u00edrito livre e sem regras. \u00c9 assim a m\u00fasica.&#8221;<\/em><\/p>","protected":false},"excerpt":{"rendered":"","protected":false},"author":3,"featured_media":4792,"comment_status":"open","ping_status":"open","sticky":false,"template":"","format":"standard","meta":[],"categories":[133],"tags":[100],"_links":{"self":[{"href":"https:\/\/www.ecletismomusical.pt\/en\/wp-json\/wp\/v2\/posts\/4790"}],"collection":[{"href":"https:\/\/www.ecletismomusical.pt\/en\/wp-json\/wp\/v2\/posts"}],"about":[{"href":"https:\/\/www.ecletismomusical.pt\/en\/wp-json\/wp\/v2\/types\/post"}],"author":[{"embeddable":true,"href":"https:\/\/www.ecletismomusical.pt\/en\/wp-json\/wp\/v2\/users\/3"}],"replies":[{"embeddable":true,"href":"https:\/\/www.ecletismomusical.pt\/en\/wp-json\/wp\/v2\/comments?post=4790"}],"version-history":[{"count":1,"href":"https:\/\/www.ecletismomusical.pt\/en\/wp-json\/wp\/v2\/posts\/4790\/revisions"}],"predecessor-version":[{"id":4791,"href":"https:\/\/www.ecletismomusical.pt\/en\/wp-json\/wp\/v2\/posts\/4790\/revisions\/4791"}],"wp:featuredmedia":[{"embeddable":true,"href":"https:\/\/www.ecletismomusical.pt\/en\/wp-json\/wp\/v2\/media\/4792"}],"wp:attachment":[{"href":"https:\/\/www.ecletismomusical.pt\/en\/wp-json\/wp\/v2\/media?parent=4790"}],"wp:term":[{"taxonomy":"category","embeddable":true,"href":"https:\/\/www.ecletismomusical.pt\/en\/wp-json\/wp\/v2\/categories?post=4790"},{"taxonomy":"post_tag","embeddable":true,"href":"https:\/\/www.ecletismomusical.pt\/en\/wp-json\/wp\/v2\/tags?post=4790"}],"curies":[{"name":"wp","href":"https:\/\/api.w.org\/{rel}","templated":true}]}}