{"id":4814,"date":"2019-07-22T10:43:46","date_gmt":"2019-07-22T09:43:46","guid":{"rendered":"https:\/\/www.ecletismomusical.pt\/?p=4814"},"modified":"2019-07-22T10:44:32","modified_gmt":"2019-07-22T09:44:32","slug":"cover-salvador-sobral-o-primeiro-gomo-da-tangerina-sergio-godinho-cover","status":"publish","type":"post","link":"https:\/\/www.ecletismomusical.pt\/en\/cover-salvador-sobral-o-primeiro-gomo-da-tangerina-sergio-godinho-cover\/","title":{"rendered":"[Cover] Salvador Sobral &#038; Andr\u00e9 Santos &#8211; O Primeiro Gomo da Tangerina (S\u00e9rgio Godinho Cover)"},"content":{"rendered":"<div class=\"wp-block-embed__wrapper\">\n<iframe width=\"900\" height=\"506\" src=\"https:\/\/www.youtube.com\/embed\/_dyzB0VNQUA?feature=oembed\" frameborder=\"0\" allowfullscreen><\/iframe>\n<\/div>\n\n\n\n<p>A Quinta das Can\u00e7\u00f5es \u00e9 a nova proposta de Andr\u00e9 Santos e Salvador Sobral. Todas as quintas-feiras os dois m\u00fasicos e amigos tocar\u00e3o um tema da sua prefer\u00eancia, destacando can\u00e7\u00f5es que os inspiram. Esta \u00e9 uma forma despretensiosa mas muito afectiva, em que Andr\u00e9 Santos e Salvador Sobral decidem homenagear os seus afectos, admira\u00e7\u00f5es e influ\u00eancias musicais. De esp\u00edrito livre e sem regras. \u00c9 assim a m\u00fasica.<\/p>","protected":false},"excerpt":{"rendered":"","protected":false},"author":3,"featured_media":4815,"comment_status":"open","ping_status":"open","sticky":false,"template":"","format":"standard","meta":[],"categories":[133],"tags":[828,100],"_links":{"self":[{"href":"https:\/\/www.ecletismomusical.pt\/en\/wp-json\/wp\/v2\/posts\/4814"}],"collection":[{"href":"https:\/\/www.ecletismomusical.pt\/en\/wp-json\/wp\/v2\/posts"}],"about":[{"href":"https:\/\/www.ecletismomusical.pt\/en\/wp-json\/wp\/v2\/types\/post"}],"author":[{"embeddable":true,"href":"https:\/\/www.ecletismomusical.pt\/en\/wp-json\/wp\/v2\/users\/3"}],"replies":[{"embeddable":true,"href":"https:\/\/www.ecletismomusical.pt\/en\/wp-json\/wp\/v2\/comments?post=4814"}],"version-history":[{"count":2,"href":"https:\/\/www.ecletismomusical.pt\/en\/wp-json\/wp\/v2\/posts\/4814\/revisions"}],"predecessor-version":[{"id":4817,"href":"https:\/\/www.ecletismomusical.pt\/en\/wp-json\/wp\/v2\/posts\/4814\/revisions\/4817"}],"wp:featuredmedia":[{"embeddable":true,"href":"https:\/\/www.ecletismomusical.pt\/en\/wp-json\/wp\/v2\/media\/4815"}],"wp:attachment":[{"href":"https:\/\/www.ecletismomusical.pt\/en\/wp-json\/wp\/v2\/media?parent=4814"}],"wp:term":[{"taxonomy":"category","embeddable":true,"href":"https:\/\/www.ecletismomusical.pt\/en\/wp-json\/wp\/v2\/categories?post=4814"},{"taxonomy":"post_tag","embeddable":true,"href":"https:\/\/www.ecletismomusical.pt\/en\/wp-json\/wp\/v2\/tags?post=4814"}],"curies":[{"name":"wp","href":"https:\/\/api.w.org\/{rel}","templated":true}]}}