{"id":4818,"date":"2019-07-24T10:15:23","date_gmt":"2019-07-24T09:15:23","guid":{"rendered":"https:\/\/www.ecletismomusical.pt\/?p=4818"},"modified":"2019-07-25T14:45:28","modified_gmt":"2019-07-25T13:45:28","slug":"super-bock-super-rock-2019-review","status":"publish","type":"post","link":"https:\/\/www.ecletismomusical.pt\/en\/super-bock-super-rock-2019-review\/","title":{"rendered":"[Super Bock Super Rock 2019] Review"},"content":{"rendered":"<p><img class=\"alignnone  wp-image-4805\" src=\"https:\/\/www.ecletismomusical.pt\/wp-content\/uploads\/2019\/07\/E416AAA6-31BB-416C-9CFC-0442558812ED.jpeg\" alt=\"\" width=\"507\" height=\"338\" srcset=\"https:\/\/www.ecletismomusical.pt\/wp-content\/uploads\/2019\/07\/E416AAA6-31BB-416C-9CFC-0442558812ED.jpeg 1200w, https:\/\/www.ecletismomusical.pt\/wp-content\/uploads\/2019\/07\/E416AAA6-31BB-416C-9CFC-0442558812ED-300x200.jpeg 300w, https:\/\/www.ecletismomusical.pt\/wp-content\/uploads\/2019\/07\/E416AAA6-31BB-416C-9CFC-0442558812ED-768x512.jpeg 768w, https:\/\/www.ecletismomusical.pt\/wp-content\/uploads\/2019\/07\/E416AAA6-31BB-416C-9CFC-0442558812ED-1024x683.jpeg 1024w\" \/><\/p>\n<h3>Em 2019, a <strong>M\u00fasica no Cora\u00e7\u00e3o<\/strong> decidiu festejar a <strong>25\u00aa edi\u00e7\u00e3o do Festival Super Bock Super Rock<\/strong> com um regresso ao Meco. Parece-nos que o balan\u00e7o que certamente estar\u00e1 a ser neste momento feito no n\u00ba 25 da Rua Viriato ter\u00e1 um sabor algo agridoce, ainda que globalmente positivo e com boas bases para crescer, o que certamente far\u00e1 tomar algumas decis\u00f5es no que diz respeito \u00e0 <strong>26\u00aa edi\u00e7\u00e3o do Festival SBSR<\/strong> j\u00e1 anunciada para acontecer no mesmo local em Julho de 2020.<\/h3>\n<p><img class=\"alignnone  wp-image-4836\" src=\"https:\/\/www.ecletismomusical.pt\/wp-content\/uploads\/2019\/07\/image1-1.jpeg\" alt=\"\" width=\"482\" height=\"482\" srcset=\"https:\/\/www.ecletismomusical.pt\/wp-content\/uploads\/2019\/07\/image1-1.jpeg 640w, https:\/\/www.ecletismomusical.pt\/wp-content\/uploads\/2019\/07\/image1-1-150x150.jpeg 150w, https:\/\/www.ecletismomusical.pt\/wp-content\/uploads\/2019\/07\/image1-1-300x300.jpeg 300w\" \/><\/p>\n<h3><strong>Espa\u00e7o<\/strong><\/h3>\n<p>O primeiro aspecto a considerar ser\u00e1 inevitavelmente, o espa\u00e7o. Nos tempos que correm, a exig\u00eancia do frequentador de festivais mudou significativamente em rela\u00e7\u00e3o ao passado.<\/p>\n<p>Por exemplo, o <a href=\"https:\/\/www.ecletismomusical.pt\/en\/super-day\/\">Ecletismo Musical escrevia em 2007 sobre a 13\u00aa edi\u00e7\u00e3o do Super Bock Super Rock (uma das edi\u00e7\u00f5es mais recordadas do SBSR e<\/a> que teve uns super Arcade Fire a mostrar o <em>Funeral,<\/em> uns Interpol ou uns Bloc Party, entre muitos outros grandes concertos), que tinha estado constantemente muito vento e p\u00f3. E, onde \u00e9 que esse festival se realizou? Num descampado com vista para o rio tranc\u00e3o! Seria poss\u00edvel voltar a ter um SBSR num espa\u00e7o assim e n\u00e3o haver um imediato <em>chorrilho<\/em> de cr\u00edticas?<\/p>\n<p>Sendo que, este ano, apesar do local ser o mesmo, o <strong>Super Bock Super Rock<\/strong> mudou completamente a sua configura\u00e7\u00e3o. O recinto do festival passou a ser uma esp\u00e9cie de Sudoeste em ponto pequeno, uma vez que, ao contr\u00e1rio do passado, os palcos (bem como toda a zona de restaura\u00e7\u00e3o e promo\u00e7\u00e3o) deixaram de estar espalhados pela floresta e passaram a estar todos no descampado que em edi\u00e7\u00f5es anteriores funcionava como estacionamento.<\/p>\n<p><img class=\"alignnone  wp-image-4834\" src=\"https:\/\/www.ecletismomusical.pt\/wp-content\/uploads\/2019\/07\/IMG_4110.jpg\" alt=\"\" width=\"495\" height=\"330\" srcset=\"https:\/\/www.ecletismomusical.pt\/wp-content\/uploads\/2019\/07\/IMG_4110.jpg 600w, https:\/\/www.ecletismomusical.pt\/wp-content\/uploads\/2019\/07\/IMG_4110-300x200.jpg 300w\" \/><\/p>\n<p>A zona de \u00e1rvores ficou exclusivamente dedicada ao campismo e parque de estacionamento.<\/p>\n<p>Os acessos ao Meco, para al\u00e9m do p\u00f3 que marcou outras edi\u00e7\u00f5es do festival naquele local, sempre foram um problema. E este ano voltaram a ser no 1\u00ba dia do Festival. Quando, cerca de 20 mil pessoas (das 30 mil que esgotaram esse dia), decidiram sair do festival \u00e0 mesma hora, imediatamente ap\u00f3s o concerto da <strong>Lana del Rey<\/strong>.<\/p>\n<p><strong>O que podia ter sido diferente nesse dia em que muitos milhares estiveram mais de 3 horas para sair do parque de estacionamento?<\/strong><\/p>\n<p>Pela experi\u00eancia acumulada dir\u00edamos:<\/p>\n<p>&#8211; o facto do concerto ser a uma quinta-feira, v\u00e9spera de dia de trabalho, certamente que levou a que uma parte significativa dos presentes quisesse voltar rapidamente \u00e0s suas casas. Esse factor depende da tour da artista e provavelmente era incontorn\u00e1vel;<\/p>\n<p>&#8211;\u00a0o facto de o cartaz n\u00e3o ter tido um <em>phasing out<\/em> que permitisse dividir o momento em que a decis\u00e3o de abandonar o festival se manifestasse. J\u00e1 que, a seguir a Lana del Rey s\u00f3 existiam dois nomes da electr\u00f3nica, e, longe de serem <em>mainstream<\/em>. Talvez fosse diferente se, ap\u00f3s o concerto da Lana del Rey, ainda existissem concertos que pudessem captar um n\u00famero significativo de p\u00fablico e com isso ajudar na dispers\u00e3o das massas.\u00a0<\/p>\n<p>&#8211; A pouca organiza\u00e7\u00e3o nas estradas de acesso. J\u00e1 era esperado que existisse uma debandada geral da multid\u00e3o a seguir ao concerto da Lana del Rey, teria sido certamente melhor que os sentidos de entrada e sa\u00edda fossem diferentes e n\u00e3o que se circulasse nos dois sentidos. Ali\u00e1s, a medida at\u00e9 foi publicada para o 2\u00ba e 3\u00ba dia, onde, claramente, os problemas n\u00e3o seriam os mesmos.<\/p>\n<p><img class=\"alignnone  wp-image-4833\" src=\"https:\/\/www.ecletismomusical.pt\/wp-content\/uploads\/2019\/07\/IMG_4117.jpg\" alt=\"\" width=\"495\" height=\"330\" srcset=\"https:\/\/www.ecletismomusical.pt\/wp-content\/uploads\/2019\/07\/IMG_4117.jpg 600w, https:\/\/www.ecletismomusical.pt\/wp-content\/uploads\/2019\/07\/IMG_4117-300x200.jpg 300w\" \/><\/p>\n<h3><strong>Conceito<\/strong><\/h3>\n<p>O SBSR depois de v\u00e1rios anos no Parque das Na\u00e7\u00f5es, em que, grande parte das cr\u00edticas foram a de que tinha deixado de ser um festival, uma vez que um espa\u00e7o com palco dentro do Meo arena ou debaixo da pala do pavilh\u00e3o de Portugal n\u00e3o eram o que se podia identificar como sendo um festival de ver\u00e3o.<\/p>\n<p>Os cartazes tamb\u00e9m foram deambulando ao longo dos anos, bem como o p\u00fablico que reunia \u00e0 sua volta. Em 2019, com o regresso ao Meco fica novamente uma interroga\u00e7\u00e3o:<strong> a regi\u00e3o de Lisboa tem capacidade para se organizar um festival de Ver\u00e3o no meio da natureza, mas suficientemente perto de Lisboa para a esmagadora maioria do p\u00fablico n\u00e3o usar o campismo?<\/strong><\/p>\n<p><img class=\"alignnone  wp-image-4835\" src=\"https:\/\/www.ecletismomusical.pt\/wp-content\/uploads\/2019\/07\/10.jpg\" alt=\"\" width=\"494\" height=\"289\" srcset=\"https:\/\/www.ecletismomusical.pt\/wp-content\/uploads\/2019\/07\/10.jpg 888w, https:\/\/www.ecletismomusical.pt\/wp-content\/uploads\/2019\/07\/10-300x175.jpg 300w, https:\/\/www.ecletismomusical.pt\/wp-content\/uploads\/2019\/07\/10-768x449.jpg 768w\" \/><\/p>\n<p>Um festival de Ver\u00e3o na praia mas em que 90% das pessoas se desloca para ver os concertos e volta para suas casas \u00e9 vi\u00e1vel e justifica ser realizado naquele espa\u00e7o ou, pela comodidade que hoje as massas exigem, s\u00f3 faz sentido ainda assim em cidade, seja num descampado junto ao rio tranc\u00e3o, seja no espa\u00e7o privilegiado do Parque das Na\u00e7\u00f5es?<\/p>\n<p>Pelos vistos, a decis\u00e3o da Musica no Cora\u00e7\u00e3o, para a qual certamente contribuir\u00e1 a decis\u00e3o da C\u00e2mara Municipal de Sesimbra em apoiar o evento, ser\u00e1 a de manter o Festival no mesmo local.<\/p>\n<p>Depois desde primeiro ano de nova configura\u00e7\u00e3o, que certamente servir\u00e1 para limar algumas arestas, espera-se uma 26\u00aa edi\u00e7\u00e3o com um cartaz robusto e com uma log\u00edstica ainda mais afinada do que a que se verificou este ano.<\/p>\n<p><img class=\"alignnone  wp-image-4832\" src=\"https:\/\/www.ecletismomusical.pt\/wp-content\/uploads\/2019\/07\/IMG_4019.jpg\" alt=\"\" width=\"495\" height=\"330\" srcset=\"https:\/\/www.ecletismomusical.pt\/wp-content\/uploads\/2019\/07\/IMG_4019.jpg 600w, https:\/\/www.ecletismomusical.pt\/wp-content\/uploads\/2019\/07\/IMG_4019-300x200.jpg 300w\" \/><\/p>\n<h3><strong>Ups and Downs<\/strong><\/h3>\n<p><strong>UPs<\/strong><\/p>\n<p>A utiliza\u00e7\u00e3o do sistema de casas de banho ecol\u00f3gicas que genericamente funcionou bem, e que, juntamente com a medida de reutiliza\u00e7\u00e3o dos copos j\u00e1 introduzida em anos anteriores, torna o espa\u00e7o mais amigo do ambiente.<\/p>\n<p>A ilumina\u00e7\u00e3o da zona do parque e de acesso desde o mesmo at\u00e9 ao festival.<\/p>\n<p>As instala\u00e7\u00f5es\/condi\u00e7\u00f5es para o campismo e a organiza\u00e7\u00e3o do espa\u00e7o, ainda que tenha naturalmente beneficiado igualmente do facto de n\u00e3o ter havido uma enorme aflu\u00eancia.<\/p>\n<p>Genericamente a pontualidade dos concertos e as condi\u00e7\u00f5es t\u00e9cnicas especialmente nos palcos secund\u00e1rios.<\/p>\n<p><strong>DOWNs<\/strong><\/p>\n<p>A organiza\u00e7\u00e3o do espa\u00e7o podia beneficiar se a zona das mesas e bancos estivesse mais afastada do local de compra de comida, uma vez que se formaram muitas vezes enormes filas para adquirir comida no meio das mesas e bancos.<\/p>\n<p>Alguma desorganiza\u00e7\u00e3o na gest\u00e3o dos espa\u00e7os para pessoas com mobilidade condicionada, tendo sido por vezes visto em v\u00e1rios concertos uma multid\u00e3o nesse espa\u00e7o, o que indicia que esses espa\u00e7os n\u00e3o foram sempre controlados.<\/p>\n<p>O som em alguns concertos, especialmente no palco super bock apresentou algumas diferen\u00e7as de volume, em parte provavelmente em virtude do vento, sendo que a estrutura central pareceu estar colocada demasiado perto do palco e ser uma estrutura demasiado pesada para o evento.<\/p>\n<p><img class=\"alignnone size-full wp-image-4839\" src=\"https:\/\/www.ecletismomusical.pt\/wp-content\/uploads\/2019\/07\/image4.jpeg\" alt=\"\" width=\"512\" height=\"640\" srcset=\"https:\/\/www.ecletismomusical.pt\/wp-content\/uploads\/2019\/07\/image4.jpeg 512w, https:\/\/www.ecletismomusical.pt\/wp-content\/uploads\/2019\/07\/image4-240x300.jpeg 240w\" \/><\/p>\n<h3><strong>Concertos<\/strong><\/h3>\n<p>Em termos gen\u00e9ricos, foi mais uma vez poss\u00edvel comprovar , a transforma\u00e7\u00e3o do p\u00fablico portugu\u00eas no que diz respeito aos m\u00fasicos nacionais.\u00a0<\/p>\n<p>Alguns dos concertos mais concorridos e onde o p\u00fablico mais vibrou foram os de <strong>Profjam; Capit\u00e3o Fausto; Dino D&#8217;Santiago ou Branko<\/strong>;<\/p>\n<h3><strong>18 Julho &#8211; Dia 1<\/strong><\/h3>\n<p>Destaque natural para a artista que levou uma parte muito significativa do p\u00fablico ao Meco. <strong>Lana del Rey<\/strong> \u00e9 um fen\u00f3meno incontorn\u00e1vel e de dif\u00edcil cataloga\u00e7\u00e3o.<\/p>\n<p>Um espect\u00e1culo muito bem montado, numa artista muito competente, que esteve sempre entre o fen\u00f3meno <em>indie<\/em> do in\u00edcio e a m\u00e1quina <em>pop<\/em> muito bem oleada dos tempos mais recentes, e em que, os back vocals e outros elementos electr\u00f3nicos de suporte \u00e0 voz s\u00e3o utilizados com mestria e criam uma roupagem envolvente e capaz de agarrar os espectadores.<\/p>\n<p>Adicionalmente, de uma forma muito inteligente, e que, ser\u00e1 dif\u00edcil de definir ser mais ou menos genu\u00edna, Lana mostra-se extremamente simp\u00e1tica e aberta com os seus f\u00e3s, chegando a parar o concerto e a descer (mais de uma vez) at\u00e9 \u00e0 grade para dar aut\u00f3grafos, tirar <em>selfies<\/em> com f\u00e3s e receber beijos na cara, para al\u00e9m de diversos presentes\u00a0que os mesmos, sabendo desta sua forma de interagir, j\u00e1 levavam preparados.<\/p>\n<p>Para al\u00e9m de Lana del Rey, destaque para os concertos dos <strong>Glockenwise e Grandfather&#8217;s House<\/strong> que se mostraram a bom n\u00edvel no sempre dif\u00edcil hor\u00e1rio de in\u00edcio de Festival.\u00a0<\/p>\n<p><img class=\"alignnone  wp-image-4837\" src=\"https:\/\/www.ecletismomusical.pt\/wp-content\/uploads\/2019\/07\/IMG_4109.jpg\" alt=\"\" width=\"390\" height=\"260\" srcset=\"https:\/\/www.ecletismomusical.pt\/wp-content\/uploads\/2019\/07\/IMG_4109.jpg 600w, https:\/\/www.ecletismomusical.pt\/wp-content\/uploads\/2019\/07\/IMG_4109-300x200.jpg 300w\" \/><\/p>\n<p>Depois, incontorn\u00e1vel refer\u00eancia a <strong>Cat Power<\/strong> que, ainda assim, apesar de ter atuado numa 5\u00aa feira \u00e0s 19h15, juntou uma boa moldura humana para assistir \u00e0 sua atua\u00e7\u00e3o <em>&#8220;em stereo&#8221;, <\/em>com a utiliza\u00e7\u00e3o de dois microfones em simult\u00e2neo em parte significativa dos temas que apresentou e que passaram pelas diversas fases da sua carreira.<\/p>\n<p><img class=\"alignnone  wp-image-4840\" src=\"https:\/\/www.ecletismomusical.pt\/wp-content\/uploads\/2019\/07\/IMG_4161.jpg\" alt=\"\" width=\"390\" height=\"260\" srcset=\"https:\/\/www.ecletismomusical.pt\/wp-content\/uploads\/2019\/07\/IMG_4161.jpg 600w, https:\/\/www.ecletismomusical.pt\/wp-content\/uploads\/2019\/07\/IMG_4161-300x200.jpg 300w\" \/><\/p>\n<p>Um dos nomes muito esperados para este primeiro dia de Festival eram os <strong>Jungle <\/strong>e confirmaram parcialmente as expectativas. Deram um bom concerto, mostrando ser uma banda consistente, tendo conseguido despertar o muito p\u00fablico j\u00e1 presente no concerto em alguns dos seus temas mais <em>orelhudos<\/em>, com destaque especial para <em>Casio<\/em>, mas ter\u00e3o sido prejudicados pelo pouco interesse (e, para n\u00e3o variar muita conversa e falta de respeito do p\u00fablico para com quem est\u00e1 a atuar e, j\u00e1 agora, para com os outros espectadores que querem verdadeiramente estar num Festival a ver e a ouvir concertos) de uma parte significativa dos presentes, o que acabou por arrefecer um pouco o concerto.<\/p>\n<p><img class=\"alignnone  wp-image-4838\" src=\"https:\/\/www.ecletismomusical.pt\/wp-content\/uploads\/2019\/07\/IMG_4332.jpg\" alt=\"\" width=\"399\" height=\"266\" srcset=\"https:\/\/www.ecletismomusical.pt\/wp-content\/uploads\/2019\/07\/IMG_4332.jpg 600w, https:\/\/www.ecletismomusical.pt\/wp-content\/uploads\/2019\/07\/IMG_4332-300x200.jpg 300w\" \/><\/p>\n<p>Sobre <strong>Dino D&#8217;Santiago e Branko <\/strong>foram dois concertos muito concorridos e excelentes presta\u00e7\u00f5es de ambos a confirmar, mais uma vez, o excelente momento em que est\u00e3o e que os far\u00e3o continuar a crescer significativamente.<\/p>\n<p><img class=\"alignnone  wp-image-4841\" src=\"https:\/\/www.ecletismomusical.pt\/wp-content\/uploads\/2019\/07\/IMG_4541.jpg\" alt=\"\" width=\"399\" height=\"266\" srcset=\"https:\/\/www.ecletismomusical.pt\/wp-content\/uploads\/2019\/07\/IMG_4541.jpg 600w, https:\/\/www.ecletismomusical.pt\/wp-content\/uploads\/2019\/07\/IMG_4541-300x200.jpg 300w\" \/><\/p>\n<p>Uma palavra tamb\u00e9m para <strong>Conan Osiris<\/strong> que continua a ser um fen\u00f3meno de popularidade e que deu mais um concerto muito profissional (est\u00e1 cada vez mais confiante e isso s\u00f3 lhe acrescenta valor, uma vez que &#8220;telem\u00f3veis&#8221; sempre esteve longe de representar o que \u00e9 enquanto artista) e onde o <em>non sense <\/em>visual e das letras \u00e9 apenas uma apar\u00eancia criativa.<\/p>\n<p><strong>The 1975, <\/strong>que apresentam um ecletismo musical muito interessante, num conceito que extravasa o simples pop\/rock brit\u00e2nico, foram capazes de, com a jovialidade e aspecto de vedeta de cinema dos seus membros, captar a aten\u00e7\u00e3o de muitos dos jovens que povoavam o espa\u00e7o e que deliravam com cada um dos <em>hits<\/em>.\u00a0<\/p>\n<p><img class=\"alignnone  wp-image-4842\" src=\"https:\/\/www.ecletismomusical.pt\/wp-content\/uploads\/2019\/07\/IMG_4451.jpg\" alt=\"\" width=\"397\" height=\"265\" srcset=\"https:\/\/www.ecletismomusical.pt\/wp-content\/uploads\/2019\/07\/IMG_4451.jpg 600w, https:\/\/www.ecletismomusical.pt\/wp-content\/uploads\/2019\/07\/IMG_4451-300x200.jpg 300w\" \/><\/p>\n<p>Nota final para os <strong>Metronomy<\/strong> que fizeram uma enorme festa no Palco EDP num hor\u00e1rio dif\u00edcil, come\u00e7aram \u00e0s 23h30, imediatamente antes da Lana del Rey come\u00e7ar o seu concerto no palco Super Bock. Ainda assim, n\u00e3o foi s\u00f3 em \u00abLook\u00bb que levaram todos os (muitos) presentes ao rubro, num espect\u00e1culo contagiante e de energia constante do princ\u00edpio ao fim.<\/p>\n<p><img class=\"alignnone  wp-image-4843\" src=\"https:\/\/www.ecletismomusical.pt\/wp-content\/uploads\/2019\/07\/6.jpg\" alt=\"\" width=\"390\" height=\"262\" srcset=\"https:\/\/www.ecletismomusical.pt\/wp-content\/uploads\/2019\/07\/6.jpg 887w, https:\/\/www.ecletismomusical.pt\/wp-content\/uploads\/2019\/07\/6-300x202.jpg 300w, https:\/\/www.ecletismomusical.pt\/wp-content\/uploads\/2019\/07\/6-768x517.jpg 768w\" \/><\/p>\n<h3><strong>19 de Julho &#8211; Dia 2<\/strong><\/h3>\n<p>O segundo dia do Festival ficou marcado desde logo pela muito menor aflu\u00eancia de p\u00fablico, que esteve muito longe dos 30 mil do primeiro dia, mas tamb\u00e9m do n\u00famero de presentes no terceiro dia do SBSR 2019.<\/p>\n<p>Num dia marcado por diversas bandas franc\u00f3fonas, o que n\u00e3o \u00e9 muito comum por terras lusitanas, quem come\u00e7ou a brilhar foram dois projetos de campos diametralmente opostos: <strong>Conjunto Corona<\/strong> com o seu hip hop de forte assinatura psicad\u00e9lica, sarc\u00e1stica, mordaz e com muitas refer\u00eancias da \u00e1rea metropolitana do Porto, e que est\u00e3o a viver tempos dourados com o seu \u00e1lbum <em>&#8220;Santa Rita Lifestyle&#8221;<\/em> e os <strong>Fugly<\/strong> com o seu fren\u00e9tico som entre o noise e o garage e com alguns laivos de punk na performance ao vivo.<\/p>\n<p>Um concerto que teria beneficiado de um hor\u00e1rio e p\u00fablico diferente foi o de duas institui\u00e7\u00f5es: <strong>Calexico and Iron &amp; Wine.<\/strong><\/p>\n<p>Destaque para o estimulante <strong>Charlie Steen<\/strong>, vocalista da banda brit\u00e2nica <strong>Shame, <\/strong>que claramente ganhou o pr\u00e9mio de vitalidade e empenho do festival. Excelente concerto, entre o rock\/punk juvenil e o p\u00f3s-punk de uma banda que teve uma presta\u00e7\u00e3o que ficar\u00e1 na mem\u00f3ria de quem teve oportunidade de assistir.<\/p>\n<p><img class=\"alignnone  wp-image-4844\" src=\"https:\/\/www.ecletismomusical.pt\/wp-content\/uploads\/2019\/07\/1.jpg\" alt=\"\" width=\"396\" height=\"265\" srcset=\"https:\/\/www.ecletismomusical.pt\/wp-content\/uploads\/2019\/07\/1.jpg 889w, https:\/\/www.ecletismomusical.pt\/wp-content\/uploads\/2019\/07\/1-300x201.jpg 300w, https:\/\/www.ecletismomusical.pt\/wp-content\/uploads\/2019\/07\/1-768x514.jpg 768w\" \/><\/p>\n<p>Os <strong>Capit\u00e3o Fausto<\/strong> demonstraram no SBSR estar a atravessar um excelente momento de popularidade, tendo conseguido congregar largos milhares em volta da sua apresenta\u00e7\u00e3o num dos principais festivais nacionais.<\/p>\n<p><img class=\"alignnone  wp-image-4845\" src=\"https:\/\/www.ecletismomusical.pt\/wp-content\/uploads\/2019\/07\/fausto.jpg\" alt=\"\" width=\"395\" height=\"263\" srcset=\"https:\/\/www.ecletismomusical.pt\/wp-content\/uploads\/2019\/07\/fausto.jpg 888w, https:\/\/www.ecletismomusical.pt\/wp-content\/uploads\/2019\/07\/fausto-300x200.jpg 300w, https:\/\/www.ecletismomusical.pt\/wp-content\/uploads\/2019\/07\/fausto-768x512.jpg 768w\" \/><\/p>\n<p>Tempo para falar de duas artistas de m\u00e3o cheia. Em dois estilos completamente diferentes, quer <strong>Charlotte Gainsbourg<\/strong>, quer <strong>Christine and the Queens<\/strong> brindaram os presentes nos seus concertos com excelentes presta\u00e7\u00f5es.<\/p>\n<p>Enquanto <strong>Charlotte<\/strong> \u00e9 detalhe, sombras, preto e <em>neons<\/em> brancos num ambiente\u00a0 cinematogr\u00e1fico, misterioso e sempre comedido, <strong>Christine<\/strong> \u00e9 pride, \u00e9 festa, \u00e9 dan\u00e7a, \u00e9 musical em formato live, sendo a personifica\u00e7\u00e3o da energia numa excelente voz e contando com um excelente espect\u00e1culo coreogr\u00e1fico (o corpo de bailarinos\/as que a acompanham s\u00e3o fant\u00e1sticos). Um enorme concerto c\u00e9nico e que ficar\u00e1 na mem\u00f3ria.<\/p>\n<p><img class=\"alignnone  wp-image-4846\" src=\"https:\/\/www.ecletismomusical.pt\/wp-content\/uploads\/2019\/07\/ch.jpg\" alt=\"\" width=\"396\" height=\"253\" srcset=\"https:\/\/www.ecletismomusical.pt\/wp-content\/uploads\/2019\/07\/ch.jpg 876w, https:\/\/www.ecletismomusical.pt\/wp-content\/uploads\/2019\/07\/ch-300x192.jpg 300w, https:\/\/www.ecletismomusical.pt\/wp-content\/uploads\/2019\/07\/ch-768x491.jpg 768w\" \/><\/p>\n<p>No segundo dia, em que como se disse o recinto esteve a meio g\u00e1s, grande parte do p\u00fablico ter\u00e1 ido por causa dos franceses <strong>Phoenix<\/strong>. A banda de Thomas Mars n\u00e3o desiludiu certamente os f\u00e3s e para fechar a sua <em>tour<\/em> deu um concerto en\u00e9rgico e eficaz. N\u00e3o foi memor\u00e1vel, mas foi profissional.<\/p>\n<p>Talvez para os mais desatentos, <strong>French Kiwi Juice aka FKJ<\/strong> seria um nome a passar despercebido no segundo dia do Festival. Mas, Vincent Fenton, que \u00e9 um aut\u00eantico fen\u00f3meno de visualiza\u00e7\u00f5es no Youtube ou audi\u00e7\u00f5es no Spotify \u00e9 um one man show capaz de, sozinho em palco, produzir um som carregado de layers e influ\u00eancias que v\u00e3o do jazz \u00e0 electr\u00f3nica. Muito provavelmente, o melhor momento da noite e um dos melhores de todo o festival.<\/p>\n<p><img class=\"alignnone  wp-image-4847\" src=\"https:\/\/www.ecletismomusical.pt\/wp-content\/uploads\/2019\/07\/4.jpg\" alt=\"\" width=\"399\" height=\"252\" srcset=\"https:\/\/www.ecletismomusical.pt\/wp-content\/uploads\/2019\/07\/4.jpg 887w, https:\/\/www.ecletismomusical.pt\/wp-content\/uploads\/2019\/07\/4-300x190.jpg 300w, https:\/\/www.ecletismomusical.pt\/wp-content\/uploads\/2019\/07\/4-768x486.jpg 768w\" \/><\/p>\n<p>Palavra ainda para os excelentes <strong>Ezra Collective <\/strong>e o seu jazz carregado de bom gosto e para o talento de <strong>Kaytranada <\/strong>que mescla o hip-hop e a m\u00fasica electr\u00f3nica com uma roupagem onde o estilo cl\u00e1ssico se funde com a modernidade.<\/p>\n<h3><strong>Dia 20 &#8211; Dia 3<\/strong><\/h3>\n<p>O terceiro dia apresentava um cartaz que misturava diferentes tribos, mas onde o hip-hop era predominante.<\/p>\n<p>Depois de um excelente arranque com o brasileiro <strong>Rubel<\/strong> (que rapidamente vai ser nome grande em Portugal) e que \u00e9 carregado de talento, romantismo e classe no que faz, o primeiro grande momento do dia foi o concerto que abriu o Palco principal, nada mais, nada menos do que <strong>Profjam.<\/strong><\/p>\n<p><img class=\"alignnone  wp-image-4848\" src=\"https:\/\/www.ecletismomusical.pt\/wp-content\/uploads\/2019\/07\/7.jpg\" alt=\"\" width=\"398\" height=\"267\" srcset=\"https:\/\/www.ecletismomusical.pt\/wp-content\/uploads\/2019\/07\/7.jpg 885w, https:\/\/www.ecletismomusical.pt\/wp-content\/uploads\/2019\/07\/7-300x201.jpg 300w, https:\/\/www.ecletismomusical.pt\/wp-content\/uploads\/2019\/07\/7-768x515.jpg 768w\" \/><\/p>\n<p>No dia em que o recinto do <strong>SBSR<\/strong> se encheu para celebrar o <em>trap<\/em> dos <b>Migos, <\/b>foi um dos precursores desse g\u00e9nero em Portugal, a dar um dos concertos que mais ficar\u00e1 na hist\u00f3ria desta edi\u00e7\u00e3o do SBSR.<\/p>\n<p>Enorme enchente, muitos milhares a cantar cada refr\u00e3o e a acompanhar cada <em>beat<\/em> com um entusiasmo contagiante e que demonstrou mais uma vez que o Hip-Hop \u00e9 m\u00fasica de massas e que \u00e9 capaz de encher festivais de Ver\u00e3o.<\/p>\n<p>Para quem acha que <strong>M\u00e1rio Cotrim<\/strong> \u00e9 um rapper sem conte\u00fado por fazer do trap o seu reino, dever\u00e1 assistir \u00e0 entrevista que o artista deu ao Rui Unas no Maluco Beleza, a provar mais uma vez a m\u00e1xima de que: &#8220;o que fazemos n\u00e3o somos o que somos&#8221;.<\/p>\n<p><img class=\"alignnone  wp-image-4849\" src=\"https:\/\/www.ecletismomusical.pt\/wp-content\/uploads\/2019\/07\/12.jpg\" alt=\"\" width=\"395\" height=\"264\" srcset=\"https:\/\/www.ecletismomusical.pt\/wp-content\/uploads\/2019\/07\/12.jpg 881w, https:\/\/www.ecletismomusical.pt\/wp-content\/uploads\/2019\/07\/12-300x201.jpg 300w, https:\/\/www.ecletismomusical.pt\/wp-content\/uploads\/2019\/07\/12-768x514.jpg 768w\" \/><\/p>\n<p>Seguiram-se dois concertos muito consistentes, por um lado a festa de <strong>Masego <\/strong>e mais uma li\u00e7\u00e3o de <b>Janelle Mon\u00e1e <\/b>sobre o que \u00e9 um concerto de uma super estrela mundial. N\u00e3o \u00e9 preciso muitos adjectivos. A pop bem feita \u00e9 isto e o espect\u00e1culo c\u00e9nico foi irrepreens\u00edvel.\u00a0<\/p>\n<p>Palavra para <strong>Estraca, <\/strong>o rapper da musgueira que levou a sua energia e talento para o SBSR, num concerto que foi prejudicado por estar imediatamente antes dos reis da festa, o que fez com que existisse alguma dispers\u00e3o e pressa da multid\u00e3o \u00e1vida pelo trap dos Migos e, bem menos, pela l\u00edrica de interven\u00e7\u00e3o de um dos nomes maiores da nova escola do hip hop tuga.<\/p>\n<p><img class=\"alignnone  wp-image-4850\" src=\"https:\/\/www.ecletismomusical.pt\/wp-content\/uploads\/2019\/07\/13.jpg\" alt=\"\" width=\"396\" height=\"254\" srcset=\"https:\/\/www.ecletismomusical.pt\/wp-content\/uploads\/2019\/07\/13.jpg 884w, https:\/\/www.ecletismomusical.pt\/wp-content\/uploads\/2019\/07\/13-300x192.jpg 300w, https:\/\/www.ecletismomusical.pt\/wp-content\/uploads\/2019\/07\/13-768x493.jpg 768w\" \/><\/p>\n<p>Depois do festival de loucura que foi o concerto dos <strong>Migos<\/strong>, seguiu-se a festa dos <strong>Disclosure<\/strong> em formato DJ Set e que fizeram dan\u00e7ar todos (os muitos milhares) que se mantiveram junto ao Palco Super Bock.<\/p>\n<p><img class=\"alignnone  wp-image-4851\" src=\"https:\/\/www.ecletismomusical.pt\/wp-content\/uploads\/2019\/07\/14.jpg\" alt=\"\" width=\"398\" height=\"264\" srcset=\"https:\/\/www.ecletismomusical.pt\/wp-content\/uploads\/2019\/07\/14.jpg 885w, https:\/\/www.ecletismomusical.pt\/wp-content\/uploads\/2019\/07\/14-300x199.jpg 300w, https:\/\/www.ecletismomusical.pt\/wp-content\/uploads\/2019\/07\/14-768x509.jpg 768w\" \/><\/p>\n<p>Resta agora esperar por 16, 17 e 18 de julho de 2020 para comprovar como ser\u00e1 a <strong>26\u00aa edi\u00e7\u00e3o do Super Bock Super Rock<\/strong> que ter\u00e1 novamente lugar na Herdade do Cabe\u00e7o da Flauta.<\/p>","protected":false},"excerpt":{"rendered":"","protected":false},"author":3,"featured_media":4736,"comment_status":"open","ping_status":"open","sticky":false,"template":"","format":"standard","meta":[],"categories":[24,28],"tags":[189],"_links":{"self":[{"href":"https:\/\/www.ecletismomusical.pt\/en\/wp-json\/wp\/v2\/posts\/4818"}],"collection":[{"href":"https:\/\/www.ecletismomusical.pt\/en\/wp-json\/wp\/v2\/posts"}],"about":[{"href":"https:\/\/www.ecletismomusical.pt\/en\/wp-json\/wp\/v2\/types\/post"}],"author":[{"embeddable":true,"href":"https:\/\/www.ecletismomusical.pt\/en\/wp-json\/wp\/v2\/users\/3"}],"replies":[{"embeddable":true,"href":"https:\/\/www.ecletismomusical.pt\/en\/wp-json\/wp\/v2\/comments?post=4818"}],"version-history":[{"count":15,"href":"https:\/\/www.ecletismomusical.pt\/en\/wp-json\/wp\/v2\/posts\/4818\/revisions"}],"predecessor-version":[{"id":4860,"href":"https:\/\/www.ecletismomusical.pt\/en\/wp-json\/wp\/v2\/posts\/4818\/revisions\/4860"}],"wp:featuredmedia":[{"embeddable":true,"href":"https:\/\/www.ecletismomusical.pt\/en\/wp-json\/wp\/v2\/media\/4736"}],"wp:attachment":[{"href":"https:\/\/www.ecletismomusical.pt\/en\/wp-json\/wp\/v2\/media?parent=4818"}],"wp:term":[{"taxonomy":"category","embeddable":true,"href":"https:\/\/www.ecletismomusical.pt\/en\/wp-json\/wp\/v2\/categories?post=4818"},{"taxonomy":"post_tag","embeddable":true,"href":"https:\/\/www.ecletismomusical.pt\/en\/wp-json\/wp\/v2\/tags?post=4818"}],"curies":[{"name":"wp","href":"https:\/\/api.w.org\/{rel}","templated":true}]}}