{"id":482,"date":"2010-10-11T13:11:00","date_gmt":"2010-10-11T13:11:00","guid":{"rendered":"https:\/\/ecletismomusical.pt\/solomon-burke-1941-2010\/"},"modified":"2010-10-11T13:11:00","modified_gmt":"2010-10-11T13:11:00","slug":"solomon-burke-1941-2010","status":"publish","type":"post","link":"https:\/\/www.ecletismomusical.pt\/en\/solomon-burke-1941-2010\/","title":{"rendered":"Solomon Burke (1941-2010)"},"content":{"rendered":"<div style=\"clear: both;text-align: center\"><a href=\"http:\/\/farm1.static.flickr.com\/68\/186987067_4f43c14c45.jpg\" style=\"clear: left;float: left;margin-bottom: 1em;margin-right: 1em\"><img height=\"235\" src=\"http:\/\/farm1.static.flickr.com\/68\/186987067_4f43c14c45.jpg\" width=\"320\" \/><\/a><\/div>\n<p><\/p>\n<div style=\"font-family: Arial,Helvetica,sans-serif;text-align: justify\">\n<p>O cantor <i>soul<\/i> norte-americano <a href=\"http:\/\/www.myspace.com\/kingsolomonburke\"><b>Solomon Burke<\/b><\/a> morreu hoje, aos 70  anos, no avi\u00e3o que o levava de Los Angeles para Amesterd\u00e3o, onde deveria  dar um concerto na ter\u00e7a-feira.<\/div>\n<div style=\"font-family: Arial,Helvetica,sans-serif;text-align: justify\"><\/div>\n<p><\/p>","protected":false},"excerpt":{"rendered":"<p>O cantor soul norte-americano Solomon Burke morreu hoje, aos 70 anos, no avi\u00e3o que o levava de Los Angeles para Amesterd\u00e3o, onde deveria dar um concerto na ter\u00e7a-feira.<\/p>","protected":false},"author":1,"featured_media":0,"comment_status":"open","ping_status":"open","sticky":false,"template":"","format":"standard","meta":[],"categories":[1],"tags":[],"_links":{"self":[{"href":"https:\/\/www.ecletismomusical.pt\/en\/wp-json\/wp\/v2\/posts\/482"}],"collection":[{"href":"https:\/\/www.ecletismomusical.pt\/en\/wp-json\/wp\/v2\/posts"}],"about":[{"href":"https:\/\/www.ecletismomusical.pt\/en\/wp-json\/wp\/v2\/types\/post"}],"author":[{"embeddable":true,"href":"https:\/\/www.ecletismomusical.pt\/en\/wp-json\/wp\/v2\/users\/1"}],"replies":[{"embeddable":true,"href":"https:\/\/www.ecletismomusical.pt\/en\/wp-json\/wp\/v2\/comments?post=482"}],"version-history":[{"count":0,"href":"https:\/\/www.ecletismomusical.pt\/en\/wp-json\/wp\/v2\/posts\/482\/revisions"}],"wp:attachment":[{"href":"https:\/\/www.ecletismomusical.pt\/en\/wp-json\/wp\/v2\/media?parent=482"}],"wp:term":[{"taxonomy":"category","embeddable":true,"href":"https:\/\/www.ecletismomusical.pt\/en\/wp-json\/wp\/v2\/categories?post=482"},{"taxonomy":"post_tag","embeddable":true,"href":"https:\/\/www.ecletismomusical.pt\/en\/wp-json\/wp\/v2\/tags?post=482"}],"curies":[{"name":"wp","href":"https:\/\/api.w.org\/{rel}","templated":true}]}}