{"id":483,"date":"2010-10-09T12:05:00","date_gmt":"2010-10-09T12:05:00","guid":{"rendered":"https:\/\/ecletismomusical.pt\/john-lennon-70-anos\/"},"modified":"2010-10-09T12:05:00","modified_gmt":"2010-10-09T12:05:00","slug":"john-lennon-70-anos","status":"publish","type":"post","link":"https:\/\/www.ecletismomusical.pt\/en\/john-lennon-70-anos\/","title":{"rendered":"John Lennon &#8211; 70 anos"},"content":{"rendered":"<div style=\"clear: both;text-align: center\"><a href=\"http:\/\/4.bp.blogspot.com\/_D55cn-YT1LU\/TLBYaM_Q_yI\/AAAAAAAAAIs\/FBTNFvQoVNU\/s1600\/lennon_interna.jpg\" style=\"clear: left;float: left;margin-bottom: 1em;margin-right: 1em\"><img src=\"http:\/\/4.bp.blogspot.com\/_D55cn-YT1LU\/TLBYaM_Q_yI\/AAAAAAAAAIs\/FBTNFvQoVNU\/s1600\/lennon_interna.jpg\" \/><\/a><\/div>\n<p><\/p>\n<div style=\"font-family: Arial,Helvetica,sans-serif;text-align: justify\"><span style=\"font-size: small\"><br \/><\/span><\/div>\n<h1 style=\"font-family: Arial,Helvetica,sans-serif;font-weight: normal;text-align: justify\"><span style=\"font-size: small\"><a href=\"http:\/\/www.johnlennon.com\/\">  <br \/>John Lennon<\/a> nasceu h\u00e1 70 anos. <br \/>E a <a href=\"http:\/\/www.google.pt\/\">google<\/a> tamb\u00e9m n\u00e3o quis deixar de assinalar a data de uma forma especial:<\/span><\/h1>\n<div><\/div>\n<p><\/p>\n<p><\/p>","protected":false},"excerpt":{"rendered":"<p>John Lennon nasceu h\u00e1 70 anos. E a google tamb\u00e9m n\u00e3o quis deixar de assinalar a data de uma forma especial:<\/p>","protected":false},"author":1,"featured_media":0,"comment_status":"open","ping_status":"open","sticky":false,"template":"","format":"standard","meta":[],"categories":[1],"tags":[],"_links":{"self":[{"href":"https:\/\/www.ecletismomusical.pt\/en\/wp-json\/wp\/v2\/posts\/483"}],"collection":[{"href":"https:\/\/www.ecletismomusical.pt\/en\/wp-json\/wp\/v2\/posts"}],"about":[{"href":"https:\/\/www.ecletismomusical.pt\/en\/wp-json\/wp\/v2\/types\/post"}],"author":[{"embeddable":true,"href":"https:\/\/www.ecletismomusical.pt\/en\/wp-json\/wp\/v2\/users\/1"}],"replies":[{"embeddable":true,"href":"https:\/\/www.ecletismomusical.pt\/en\/wp-json\/wp\/v2\/comments?post=483"}],"version-history":[{"count":0,"href":"https:\/\/www.ecletismomusical.pt\/en\/wp-json\/wp\/v2\/posts\/483\/revisions"}],"wp:attachment":[{"href":"https:\/\/www.ecletismomusical.pt\/en\/wp-json\/wp\/v2\/media?parent=483"}],"wp:term":[{"taxonomy":"category","embeddable":true,"href":"https:\/\/www.ecletismomusical.pt\/en\/wp-json\/wp\/v2\/categories?post=483"},{"taxonomy":"post_tag","embeddable":true,"href":"https:\/\/www.ecletismomusical.pt\/en\/wp-json\/wp\/v2\/tags?post=483"}],"curies":[{"name":"wp","href":"https:\/\/api.w.org\/{rel}","templated":true}]}}