{"id":484,"date":"2010-10-08T11:25:00","date_gmt":"2010-10-08T11:25:00","guid":{"rendered":"https:\/\/ecletismomusical.pt\/kanye-west-lost-in-the-world-feat-bon-iver-and-gil-scott-heron\/"},"modified":"2010-10-08T11:25:00","modified_gmt":"2010-10-08T11:25:00","slug":"kanye-west-lost-in-the-world-feat-bon-iver-and-gil-scott-heron","status":"publish","type":"post","link":"https:\/\/www.ecletismomusical.pt\/en\/kanye-west-lost-in-the-world-feat-bon-iver-and-gil-scott-heron\/","title":{"rendered":"Kanye West \u2013 Lost In The World (Feat. Bon Iver and Gil Scott-Heron)"},"content":{"rendered":"<div style=\"clear: both;text-align: center\"><a href=\"http:\/\/wolvesamongthesheep.files.wordpress.com\/2010\/08\/kanye-west-and-bon-iver-006.jpg?w=460&amp;h=276\" style=\"clear: left;float: left;margin-bottom: 1em;margin-right: 1em\"><img height=\"192\" src=\"http:\/\/wolvesamongthesheep.files.wordpress.com\/2010\/08\/kanye-west-and-bon-iver-006.jpg?w=460&amp;h=276\" width=\"320\" \/><\/a><\/div>\n<p><\/p>\n<div style=\"font-family: Arial,Helvetica,sans-serif;text-align: justify\">Na Internet \u00e9 poss\u00edvel ouvir quase tudo. Nos dias que correm \u00e9 inclusivamente poss\u00edvel ouvir m\u00fasicas inacabadas, projectos em constru\u00e7\u00e3o, p\u00e9rolas da tecnologia e da velocidade de circula\u00e7\u00e3o da informa\u00e7\u00e3o. Foi por estes dias disponibilizado por um blog dedicado ao mundo do Hip Hop, uma primeira vers\u00e3o, segundo o autor ainda inacabada, de <b>\u00abLost In The World\u00bb<\/b>. Nada mais, nada menos, do que o resultado da colabora\u00e7\u00e3o (j\u00e1 muito comentada a prop\u00f3sito de <b><a href=\"http:\/\/soundcloud.com\/jaredwmccain\/kanye-west-monster-feat-bon-iver-rick-ross-jay-z-nicki-minaj\">\u00abMonster\u00bb<\/a><\/b>) entre <b><a href=\"http:\/\/kanyewest.com\/\">Kanye West<\/a> and <a href=\"http:\/\/www.boniver.org\/\">Bon Iver<\/a><\/b> (aka  Justin Vernon). Desta vez, contando ainda com samples da lenda viva <a href=\"http:\/\/gilscottheron.net\/\"><b>Gil Scott-Heron<\/b><\/a>.<\/div>\n<div style=\"font-family: Arial,Helvetica,sans-serif;text-align: justify\"><\/div>\n<div style=\"font-family: Arial,Helvetica,sans-serif;text-align: justify\">O trio lan\u00e7a <b><i>\u00abLost in the World<\/i>\u00bb<\/b> que tem como base, <b><i>\u00abWoods<\/i>\u00bb<\/b>  do \u00faltimo <b>EP do Bon Iver<\/b>. <b>&#8220;Lost in the Woods&#8221;<\/b> em vers\u00e3o festiva!<\/div>\n<p>  <span><a href=\"http:\/\/soundcloud.com\/the-coolest-out\/lost-in-the-world\">Lost In The World<\/a> by <a href=\"http:\/\/soundcloud.com\/the-coolest-out\">The Coolest Out<\/a><\/span><\/p>","protected":false},"excerpt":{"rendered":"<p>Na Internet \u00e9 poss\u00edvel ouvir quase tudo. Nos dias que correm \u00e9 inclusivamente poss\u00edvel ouvir m\u00fasicas inacabadas, projectos em constru\u00e7\u00e3o, p\u00e9rolas da tecnologia e da velocidade de circula\u00e7\u00e3o da informa\u00e7\u00e3o. Foi por estes dias disponibilizado por um blog dedicado ao mundo do Hip Hop, uma primeira vers\u00e3o, segundo o autor ainda inacabada, de \u00abLost In<\/p>","protected":false},"author":1,"featured_media":0,"comment_status":"open","ping_status":"open","sticky":false,"template":"","format":"standard","meta":[],"categories":[1],"tags":[],"_links":{"self":[{"href":"https:\/\/www.ecletismomusical.pt\/en\/wp-json\/wp\/v2\/posts\/484"}],"collection":[{"href":"https:\/\/www.ecletismomusical.pt\/en\/wp-json\/wp\/v2\/posts"}],"about":[{"href":"https:\/\/www.ecletismomusical.pt\/en\/wp-json\/wp\/v2\/types\/post"}],"author":[{"embeddable":true,"href":"https:\/\/www.ecletismomusical.pt\/en\/wp-json\/wp\/v2\/users\/1"}],"replies":[{"embeddable":true,"href":"https:\/\/www.ecletismomusical.pt\/en\/wp-json\/wp\/v2\/comments?post=484"}],"version-history":[{"count":0,"href":"https:\/\/www.ecletismomusical.pt\/en\/wp-json\/wp\/v2\/posts\/484\/revisions"}],"wp:attachment":[{"href":"https:\/\/www.ecletismomusical.pt\/en\/wp-json\/wp\/v2\/media?parent=484"}],"wp:term":[{"taxonomy":"category","embeddable":true,"href":"https:\/\/www.ecletismomusical.pt\/en\/wp-json\/wp\/v2\/categories?post=484"},{"taxonomy":"post_tag","embeddable":true,"href":"https:\/\/www.ecletismomusical.pt\/en\/wp-json\/wp\/v2\/tags?post=484"}],"curies":[{"name":"wp","href":"https:\/\/api.w.org\/{rel}","templated":true}]}}