{"id":494,"date":"2010-09-24T15:10:00","date_gmt":"2010-09-24T15:10:00","guid":{"rendered":"https:\/\/ecletismomusical.pt\/azevedo-silva-1o-single-do-novo-album\/"},"modified":"2010-09-24T15:10:00","modified_gmt":"2010-09-24T15:10:00","slug":"azevedo-silva-1o-single-do-novo-album","status":"publish","type":"post","link":"https:\/\/www.ecletismomusical.pt\/en\/azevedo-silva-1o-single-do-novo-album\/","title":{"rendered":"Azevedo Silva: 1\u00ba single do novo \u00e1lbum"},"content":{"rendered":"<div style=\"clear: both;text-align: center\"><\/div>\n<div style=\"clear: both;text-align: center\"><a href=\"http:\/\/3.bp.blogspot.com\/_D55cn-YT1LU\/TJy7Jgb1ZSI\/AAAAAAAAAIU\/MmB39cZkcbA\/s1600\/Azevedo_Foto.jpg\" style=\"clear: left;float: left;margin-bottom: 1em;margin-right: 1em\"><img height=\"246\" src=\"http:\/\/3.bp.blogspot.com\/_D55cn-YT1LU\/TJy7Jgb1ZSI\/AAAAAAAAAIU\/MmB39cZkcbA\/s320\/Azevedo_Foto.jpg\" width=\"320\" \/><\/a><\/div>\n<p><a href=\"http:\/\/i.ytimg.com\/vi\/dBMy5wCRj1E\/0.jpg\" style=\"clear: left;float: left;margin-bottom: 1em;margin-right: 1em\"><br \/><\/a><\/p>\n<p><span style=\"font-family: Arial,Helvetica,sans-serif\">Foi disponibilizado o 1\u00ba <\/span><i style=\"font-family: Arial,Helvetica,sans-serif\">single<\/i><span style=\"font-family: Arial,Helvetica,sans-serif\"> do novo \u00c1lbum de <\/span><a href=\"http:\/\/www.myspace.com\/azevedosilva\" style=\"font-family: Arial,Helvetica,sans-serif\"><b>Azevedo Silva<\/b><\/a><span style=\"font-family: Arial,Helvetica,sans-serif\"> &#8211; <\/span><b style=\"font-family: Arial,Helvetica,sans-serif\">Carrossel<\/b><span style=\"font-family: Arial,Helvetica,sans-serif\">&nbsp; &#8211; a ser editado, em formato digital, no in\u00edcio do pr\u00f3ximo m\u00eas.<\/span><\/p>\n<div style=\"clear: both;text-align: center\"><a href=\"http:\/\/1.bp.blogspot.com\/_D55cn-YT1LU\/TJy7qBJExCI\/AAAAAAAAAIY\/xRU3QEui-fA\/s1600\/Carrosselow.JPG\" style=\"clear: left;float: left;margin-bottom: 1em;margin-right: 1em\"><img height=\"304\" src=\"http:\/\/1.bp.blogspot.com\/_D55cn-YT1LU\/TJy7qBJExCI\/AAAAAAAAAIY\/xRU3QEui-fA\/s320\/Carrosselow.JPG\" width=\"320\" \/><\/a><\/div>\n<div style=\"font-family: Arial,Helvetica,sans-serif;text-align: justify\">\n<p>Pode-se ler da press distribu\u00edda que: &#8220;O mercado musical alterou-se e a  sua vis\u00e3o tamb\u00e9m. Este \u00e9 um disco que com menos temas, oferece mais de <b>Azevedo Silva<\/b>. Mais pessoal, mais humano e com um tema muito especial que serve de resposta a uma can\u00e7\u00e3o do <b>Foge Foge Bandido de Manel Cruz<\/b>&#8220;.<\/div>\n<p>&nbsp; <\/p>\n<div style=\"font-family: Arial,Helvetica,sans-serif;text-align: justify\"><\/div>\n<div style=\"font-family: Arial,Helvetica,sans-serif;text-align: justify\"><\/div>\n<div style=\"font-family: Arial,Helvetica,sans-serif;text-align: justify\">Para quem ainda n\u00e3o conhece, <a href=\"http:\/\/www.facebook.com\/azevedosilva\"><b>Azevedo Silva<\/b><\/a> \u00e9 um cantautor, um singer-songwriter a quem no Brasil apelidaram de Fado-Indie e que apresenta palavras cruas, duras e de uma urbanidade por vezes suja, carregada pelo peso dos dias e das emo\u00e7\u00f5es. Por vezes lamento, por vezes conformismo, por vezes catarse, <a href=\"http:\/\/www.facebook.com\/azevedosilva\">Azevedo Silva<\/a> \u00e9 um dos mais promissores artistas portugueses.<\/div>\n<div style=\"font-family: Arial,Helvetica,sans-serif;text-align: justify\"><\/div>\n<div style=\"font-family: Arial,Helvetica,sans-serif;text-align: justify\">O <b>Eclectismo Musical<\/b> j\u00e1 anteriormente: <a href=\"http:\/\/eclectismomusical.blogspot.com\/2008\/05\/livre-e-bom.html\">aqui<\/a>, <a href=\"http:\/\/eclectismomusical.blogspot.com\/2009\/08\/portuguese-songwriters.html\">aqui<\/a> and <a href=\"http:\/\/eclectismomusical.blogspot.com\/2009\/05\/azevedo-silva-ao-vivo-na-sociedade.html\">aqui<\/a> tinha chamado \u00e0 aten\u00e7\u00e3o para o facto de, para al\u00e9m de o trabalho do <a href=\"http:\/\/www.myspace.com\/azevedosilva\">Azevedo Silva<\/a> ser de excelente qualidade, estar dispon\u00edvel para <b>download gratuito<\/b> no <a href=\"http:\/\/www.myspace.com\/azevedosilva\">myspace<\/a> do autor via<a href=\"http:\/\/www.lastima.net\/\"> L\u00e1stima<\/a>.<\/p>\n<p><i>&#8220;a gera\u00e7\u00e3o <i>subprime<\/i>, entalada e encostada \u00e0s cordas do ringue, sem futuro, sem op\u00e7\u00f5es e com as ideias asfixiadas. <a href=\"http:\/\/www.myspace.com\/azevedosilva\">dixit<\/a> <\/i><i>Fernando Matias Produtor&#8221;<\/i> Mas, acrescentamos n\u00f3s, como muito talento e vontade de fazer coisas novas com qualidade&#8230;<\/div>\n<div style=\"font-family: Arial,Helvetica,sans-serif;text-align: justify\"><\/div>\n<div style=\"font-family: Arial,Helvetica,sans-serif;text-align: justify\"><\/div>\n<div style=\"font-family: Arial,Helvetica,sans-serif;text-align: justify\">Mais novidades em breve&#8230; <\/div>\n<div style=\"text-align: justify\"><\/div>","protected":false},"excerpt":{"rendered":"<p>Foi disponibilizado o 1\u00ba single do novo \u00c1lbum de Azevedo Silva &#8211; Carrossel&nbsp; &#8211; a ser editado, em formato digital, no in\u00edcio do pr\u00f3ximo m\u00eas. Pode-se ler da press distribu\u00edda que: &#8220;O mercado musical alterou-se e a sua vis\u00e3o tamb\u00e9m. Este \u00e9 um disco que com menos temas, oferece mais de Azevedo Silva. Mais pessoal,<\/p>","protected":false},"author":1,"featured_media":0,"comment_status":"open","ping_status":"open","sticky":false,"template":"","format":"standard","meta":[],"categories":[1],"tags":[],"_links":{"self":[{"href":"https:\/\/www.ecletismomusical.pt\/en\/wp-json\/wp\/v2\/posts\/494"}],"collection":[{"href":"https:\/\/www.ecletismomusical.pt\/en\/wp-json\/wp\/v2\/posts"}],"about":[{"href":"https:\/\/www.ecletismomusical.pt\/en\/wp-json\/wp\/v2\/types\/post"}],"author":[{"embeddable":true,"href":"https:\/\/www.ecletismomusical.pt\/en\/wp-json\/wp\/v2\/users\/1"}],"replies":[{"embeddable":true,"href":"https:\/\/www.ecletismomusical.pt\/en\/wp-json\/wp\/v2\/comments?post=494"}],"version-history":[{"count":0,"href":"https:\/\/www.ecletismomusical.pt\/en\/wp-json\/wp\/v2\/posts\/494\/revisions"}],"wp:attachment":[{"href":"https:\/\/www.ecletismomusical.pt\/en\/wp-json\/wp\/v2\/media?parent=494"}],"wp:term":[{"taxonomy":"category","embeddable":true,"href":"https:\/\/www.ecletismomusical.pt\/en\/wp-json\/wp\/v2\/categories?post=494"},{"taxonomy":"post_tag","embeddable":true,"href":"https:\/\/www.ecletismomusical.pt\/en\/wp-json\/wp\/v2\/tags?post=494"}],"curies":[{"name":"wp","href":"https:\/\/api.w.org\/{rel}","templated":true}]}}