{"id":498,"date":"2010-09-17T10:53:00","date_gmt":"2010-09-17T10:53:00","guid":{"rendered":"https:\/\/ecletismomusical.pt\/entrevista-e-bootleg-exclusivo-noiserv\/"},"modified":"2020-05-04T13:18:52","modified_gmt":"2020-05-04T12:18:52","slug":"entrevista-e-bootleg-exclusivo-noiserv","status":"publish","type":"post","link":"https:\/\/www.ecletismomusical.pt\/en\/entrevista-e-bootleg-exclusivo-noiserv\/","title":{"rendered":"ENTREVISTA: Noiserv (2010)"},"content":{"rendered":"Noiserv \u00e9 um dos mais interessantes projectos da m\u00fasica feita em Portugal. Recentemente lan\u00e7ou via <\/span><a style=\"font-family: Arial,Helvetica,sans-serif\" href=\"http:\/\/www.optimusdiscos.com\/\">Optimus Discos<\/a><span style=\"font-family: Arial,Helvetica,sans-serif\">, o EP <a href=\"http:\/\/www.optimusdiscos.com\/discos\/a-day-in-day-of-the-days\">\u00abA Day in the Days of The Days\u00bb<\/a> que ser\u00e1 oficialmente apresentado no pr\u00f3ximo <b>dia 25 de Setembro em Lisboa, na tenda do Chapit\u00f4<\/b>. <b>David Santos<\/b>, o nome por detr\u00e1s de &#8220;version quase invertido&#8221; tem vindo a consolidar-se aos poucos como um dos mais originais e completos m\u00fasicos portugueses, apresentando-se sozinho em palco, mas criando um ambiente sonoro extremamente rico, atrav\u00e9s do recurso \u00e0 loop station. <b>David Santos<\/b> esteve \u00e0 conversa com o <b>Eclectismo Musical<\/b> e deu-se a conhecer melhor. Em paralelo, apadrinhou o projecto que o <b>Blog<\/b> lan\u00e7a hoje em exclusivo &#8211; <b>um &#8220;bootleg&#8221; autorizado<\/b> &#8211; do concerto que <b>Noiserv<\/b> deu no passado dia <b>5 de Julho, no Teatro A Barraca, em Lisboa.<\/b> Assim, no final desta entrevista ter\u00e3o dispon\u00edvel <b>o link para o download do Bootleg especial!<\/b><\/span><\/p>\n<\/div>\n\n<b>\u00abNoiserv\u00bb. O nome foi escolhido por ser t\u00e3o complexo como o projecto? Como descreves o Noiserv e o David?<\/b><\/span><\/div>\n<div style=\"font-family: Arial,Helvetica,sans-serif\">\u00a0<\/div>\n<div style=\"color: black;font-family: Arial,Helvetica,sans-serif;text-align: justify\">O nome foi uma consequ\u00eancia do acaso, tinha de decidir um novo para concorrer com uma <i>demo<\/i> a um concurso, inverti\u00a0um dos\u00a0nomes que tinha num papel, neste caso &#8220;version&#8221;&#8230;e ajustando uma letra resultou noiserv :)&#8230;hoje em dia acho que seria imposs\u00edvel ter outro nome para descrever o que fa\u00e7o&#8230;Noiserv acaba por ser a forma de o David, Eu,se transcrever para m\u00fasica, \u00e9 um projecto de uma s\u00f3 pessoa, por isso acaba por ser a pr\u00f3pria pessoa&#8230;com ilus\u00f5es, sonhos, tristezas, felicidades, vontades e apatias&#8230;<\/div>\n<div style=\"color: blue;font-family: Arial,Helvetica,sans-serif;text-align: justify\">\u00a0<\/div>\n<div style=\"color: blue;font-family: Arial,Helvetica,sans-serif;text-align: justify\">\n<p><b style=\"color: black\">Depois do EP &#8220;56010-92\u201d, em 2005, como foi o processo criativo at\u00e9 chegares aos Optimus Discos e ao EP &#8220;A day in the day of the days&#8221;?\u00a0<\/b><\/p>\n<div style=\"color: black\">Depois de em 2005 ter editado o &#8220;56010-92\u201d muita coisa aconteceu, sendo a principal delas a edi\u00e7\u00e3o do primeiro longa-dura\u00e7\u00e3o &#8220;One Hundred Miles From thoughtlessness&#8221; em Novembro de 2008. Com este disco consegui perceber uma bocadinho melhor o que sou capaz de fazer e que caminho seguir, muitos concertos se seguiram e muitas coisas aprendi&#8230;a seguir veio este EP&#8230;<\/div>\n<div style=\"color: black\">O\u00a0processo criativo&#8230;\u00e9 como um ser humano, temos de aliment\u00e1-lo at\u00e9 morrer, porque s\u00f3 a\u00ed termina&#8230;Acho que a base de tudo\u00a0\u00e9 a satisfa\u00e7\u00e3o que as coisas nos possam dar&#8230;<\/div>\n<div style=\"color: blue\">\u00a0<\/div>\n<div style=\"color: black\"><b>Falavas do &#8220;One Hundred&#8230;&#8221;, o \u00e1lbum que te permitiu come\u00e7ar a ter o reconhecimento da cr\u00edtica e do p\u00fablico, para quando est\u00e1 previsto um novo trabalho completo de originais?\u00a0<\/b><\/div>\n<div style=\"color: black\">A\u00a0minha ideia ao fazer este EP era precisamente ter algo conceptual que intercalasse dois discos longa dura\u00e7\u00e3o&#8230;assim sendo o pr\u00f3ximo passo ser\u00e1 o segundo disco, em termos de datas e n\u00e3o querendo precipitar o tempo, julgo que o disco estar\u00e1 pronto em 2011!<\/div>\n<div style=\"color: blue\">\u00a0<\/div>\n<div style=\"color: blue\"><b style=\"color: black\">A utiliza\u00e7\u00e3o da <i>loop station<\/i> foi uma defini\u00e7\u00e3o conceptual que sempre idealizaste?<\/b><\/div>\n<div style=\"color: black\">N\u00e3o sou uma pessoa de grandes idealismos, as coisas acontecem como consequ\u00eancia de outras que j\u00e1 eram consequ\u00eancia de coisas anteriores. O uso da <i>loop station<\/i> acabou por ser consequ\u00eancia de eu ser apenas uma pessoa e achar interessante poder tocar mais que um instrumento, ao experimentar achei que podia resultar&#8230;<\/div>\n<div style=\"color: black\">\u00a0<\/div>\n<div style=\"color: blue\"><b style=\"color: black\">Antes do EP de 2005 j\u00e1 tinhas feito m\u00fasica?<\/b><\/div>\n<div style=\"color: black\">Desde os 14\/15 anos\u00a0que fui tendo algumas bandas&#8230;embora considere que tudo come\u00e7ou para Noiserv\u00a0com a grava\u00e7\u00e3o desse EP de 2005, acho que a vontade de fazer m\u00fasica come\u00e7ou muito antes&#8230;e foram as experi\u00eancias que tive nesse &#8220;antes&#8221; que permitiram perceber o que queria fazer depois&#8230;<b>\u00a0<\/b><\/div>\n<div style=\"color: blue\">\u00a0<\/div>\n<div style=\"color: blue\"><b><span style=\"color: black\">Em Abril deste Ano participaste no \u00ab1st European Songwriter Workshop\u00bb na \u00c1ustria, como descreves a experi\u00eancia?<\/span><\/b><b style=\"color: black\">\u00a0<\/b><\/div>\n<div style=\"color: blue\"><span style=\"color: #3333ff\"><span style=\"color: black\">Foi uma experi\u00eancia muito enriquecedora a todos os n\u00edveis&#8230;pessoal e musical&#8230;foi algo que espero vir a repetir um dia&#8230;em poucos palavras&#8230;foi uma das melhores semanas da minha vida&#8230;e resumindo foi passar 24h horas por dia com um conjunto de pessoas (25 pessoas)\u00a0em que o \u00fanico objectivo \u00e9 partilhar com o outro o que tu \u00e9s e exprimires-te atrav\u00e9s da musica&#8230;deixo <a href=\"http:\/\/blogs.myspace.com\/index.cfm?fuseaction=blog.view&amp;friendId=51144879&amp;blogId=533794042\">aqui<\/a> o di\u00e1rio que fiz na altura<span style=\"color: #3333ff\">.<\/span><\/span><\/span><\/div>\n<div style=\"color: blue\"><b style=\"color: black\">Como consideras ser o \u00abestado d&#8217;arte\u00bb da m\u00fasica feita em Portugal?<\/b><\/div>\n<div style=\"color: black\">Eu acho que a m\u00fasica em\u00a0Portugal, feita por portugueses,\u00a0est\u00e1 neste momento num dos melhores momentos desde que me conhe\u00e7o, n\u00e3o s\u00f3 por cada vez termos mais e boas bandas, mas porque acho que as mentalidades est\u00e3o tamb\u00e9m a mudar um pouco, acho que cada vez mais valorizamos o que \u00e9 feito por c\u00e1, e acho esse o aspecto mais importante para que possamos evoluir e acreditar no que fazemos&#8230;<\/div>\n<div style=\"color: blue\">\u00a0<\/div>\n<div style=\"color: blue\"><b style=\"color: black\">A tua m\u00fasica apresenta uma Portugalidade onde a melancolia encontra o seu espa\u00e7o muito marcado, ouvia-se muito Fado em casa dos teus pais?<\/b><\/div>\n<div style=\"color: black\">Curiosamente nem o meu pai nem a minha m\u00e3e s\u00e3o grandes admiradores de fado, acho no entanto que de uma ou\u00a0outra forma, e falando de m\u00fasica, a melancolia sempre teve presente na minha vida e na minha casa. Acho a melancolia uma das melhores coisas da vida pois \u00e9 a triste saudade feliz de alguma coisa..:)<\/div>\n<div style=\"color: blue\">\u00a0<\/div>\n<div style=\"color: blue\"><b style=\"color: black\">Vamos ser pr\u00e1ticos: o Festival Alive onde tocaste no dia 10 de Julho apresentou nomes como Local Natives, The Drums, Girls, Hurts, etc, isto \u00e9, bandas que est\u00e3o apenas a come\u00e7ar. Quanto \u00e9 preciso investir para m\u00fasicos portugueses (a criar em ingl\u00eas) marcarem presen\u00e7a nos festivais internacionais? O problema \u00e9 dinheiro para divulga\u00e7\u00e3o ou o que est\u00e1 a falhar?\u00a0<\/b><b style=\"color: black\">\u00a0<\/b><b style=\"color: black\">\u00a0<\/b><\/div>\n<div style=\"color: blue\">\n<div style=\"color: black\">Realmente n\u00e3o sei o que \u00e9 preciso para que isso aconte\u00e7a, mas sei que esse \u00e9 um dos pontos mais importantes\u00a0que falta \u00e0s bandas portuguesas para poderem aos poucos come\u00e7ar a afirmar-se l\u00e1 fora, e com isso poderem tamb\u00e9m crescer e acreditar mais no seu valor&#8230;Acho que um dos grandes problemas \u00e9 que no estrangeiro Portugal significa Fado e pouco mais e, assim sendo, pensar\u00e3o os organizadores desses festivais que nada podem vir buscar a Portugal&#8230;acho que n\u00e3o nos podemos tamb\u00e9m esquecer que estamos na ponta da Europa e para chegarmos ao centro da mesma, onde tudo acontece, temos de passar por Espanha e Fran\u00e7a, dois Pa\u00edses muito fechados na sua pr\u00f3pria cultura, ou seja se um alem\u00e3o pega num carro e percorre parte da Europa, um portugu\u00eas precisa de um avi\u00e3o para chegar \u00e0 mesma zona&#8230;e isso ao longo dos anos acho que nos desliga e distancia de tudo o resto&#8230;<b>\u00a0<\/b><\/div>\n<p>\u00a0<\/p>\n<\/div>\n<div style=\"color: blue\"><span style=\"color: #3333ff\">\u00a0<\/span><\/div>\n<div style=\"color: black\"><b>O teu arranque foi potenciado pela inovadora <i>netlabel<\/i> Merzbau, agora a participa\u00e7\u00e3o no Projecto Optimus Discos, o pr\u00f3ximo passo \u00e9 assinar por uma major?<\/b><\/div>\n<div style=\"color: black\">O pr\u00f3ximo passo n\u00e3o sei qual ser\u00e1,\u00a0gostava de\u00a0fazer um bom pr\u00f3ximo disco, algo que me deixe orgulhoso e que sinta que\u00a0fiz o meu melhor, a forma de o divulgar ou promover ser\u00e1 apenas uma etapa mas nunca o fundamental desse objectivo&#8230;logo se v\u00ea&#8230;espero que corra bem&#8230;<\/div>\n<div style=\"color: black\">\u00a0<\/div>\n<div style=\"color: blue\"><b style=\"color: black\">Como \u00e9 a vida profissional do David para al\u00e9m do Noiserv?<\/b><span style=\"color: #000099\">\u00a0<\/span><\/div>\n<div style=\"color: black\">Al\u00e9m de noiserv tenho uma licenciatura em Engenharia Electrot\u00e9cnica e Computadores e \u00e9 como Engenheiro que trabalho diariamente\u00a0na faculdade\u00a0num projecto de\u00a0investiga\u00e7\u00e3o\u00a0na \u00e1rea da\u00a0ac\u00fastica de salas&#8230;<\/div>\n<div style=\"color: blue\"><span style=\"color: #000099\">\u00a0<\/span><\/div>\n<div style=\"color: black\"><b>O David \u00e9 mais Noiserv ou &#8220;You Can&#8217;t Win, Charlie Brown&#8221;?<\/b><\/div>\n<div style=\"color: black\">O\u00a0David \u00e9\u00a0o Noiserv e\/ou vice-versa, ao ser um projecto de uma s\u00f3 pessoa \u00e9 um g\u00e9nero de auto-retrato, n\u00e3o uma personagem inventada ou criada, sou eu mesmo&#8230;Os &#8220;You Can&#8217;t Win, Charlie Brown&#8221;\u00e9 diferente \u00e9 um grupo de 6 pessoas onde uma delas\u00a0sou eu,\u00a0\u00e9 um trabalho de grupo&#8230;<b>\u00a0<\/b><\/div>\n<div style=\"color: black\">\u00a0<\/div>\n<div style=\"color: black\"><b>Que nomes colocavas no teu &#8220;festival ideal&#8221;?<\/b><\/div>\n<div style=\"color: black\">hmm&#8230;contando com os vivos e com os n\u00e3o vivos, acho que seria algo como Radiohead | Sigur R\u00f3s | Explosions in the Sky | M\u00fam | Bjork | Grizzly Bear\u00a0|\u00a0Jeff Buckley | Arcade Fire\u00a0|\u00a0Elliot Smith | Sunset Rubdown | DeVotchKa | Beirut\u00a0|\u00a0noiserv\u00a0 (isto para\u00a0os poder conhecer a todos :)).<\/div>\n<div style=\"color: black\">\u00a0<\/div>\n<div style=\"color: black\"><b>O que achas dos novos ve\u00edculos de comunica\u00e7\u00e3o, \u00e9s um utilizador convicto? Que meios utilizas?<span style=\"color: #000099\">\u00a0<\/span><\/b><\/div>\n<div style=\"color: black\">\n<div style=\"color: black\">Acho que a Internet veio revolucionar a forma de chegar \u00e0s pessoas, n\u00e3o sou um utilizador convicto mas sou um utilizador consciente da import\u00e2ncia dessas ferramentas e por isso mesmo tento estar actualizado e perceber a forma de as usar correctamente, embora nem sempre o consiga. Fazendo uma lista dos mais relevantes:<\/div>\n<div style=\"color: black\"><a href=\"http:\/\/www.myspace.com\/noiserv\">myspace <\/a><\/div>\n<div style=\"color: black\"><a href=\"http:\/\/www.youtube.com\/noiserv\">youtube<\/a><\/div>\n<div style=\"color: black\"><a href=\"http:\/\/www.twitter.com\/noiserv\">twitter<\/a><\/div>\n<div style=\"color: black\"><a href=\"http:\/\/www.facebook.com\/pages\/Noiserv\/135045871677\">Facebook <\/a><\/div>\n<p><b><span style=\"color: #000099\">\u00a0<\/span><\/b><b>\u00a0<\/b><b> <\/b><\/p>\n<\/div>\n<p><b style=\"color: black\">Uma \u00faltima quest\u00e3o, tens planos\/objectivos de carreira definidos? Se sim, quando perspectivas a tua carreira assusta-te o facto de poderes vir a ser um nome importante no panorama internacional e um perfeito desconhecido em terras lusas?<\/b><\/p>\n<\/div>\n<div style=\"color: black;font-family: Arial,Helvetica,sans-serif;text-align: justify\">N\u00e3o gosto muito de fazer planos e de tra\u00e7ar objectivos pois s\u00e3o o principio para a desilus\u00e3o e para a frustra\u00e7\u00e3o, no entanto acho que \u00e9 o objectivo de qualquer pessoa que esteja envolvida em m\u00fasica poder um dia ser um nome importante e poder marcar um per\u00edodo ou gera\u00e7\u00e3o&#8230;n\u00e3o me assusta o que dizes pois as coisas acontecem porque tem de ser e ser\u00e1 como tiver de ser&#8230;apenas tenho de fazer o meu melhor em \u00a0tudo o que me envolva e exigir o meu esfor\u00e7o m\u00e1ximo nesta \u00e1rea que sempre foi o meu sonho, o resto acontecer\u00e1 como tiver de acontecer&#8230;<\/div>\n<p>\u00a0<\/p>\n<div style=\"font-family: Arial,Helvetica,sans-serif\">\u00a0<\/div>\n<div style=\"font-family: Arial,Helvetica,sans-serif;text-align: justify\">E assim fic\u00e1mos a conhecer um pouco mais de <b>David Santos<\/b> e do seu projecto <b>Noiserv<\/b>. Apadrinhado pelo pr\u00f3prio, surge a edi\u00e7\u00e3o por parte do <b>Eclectismo Musical <\/b>de um <b>bootleg (audio)<\/b>, depois da vers\u00e3o v\u00eddeo dispon\u00edvel no <a href=\"http:\/\/www.youtube.com\/view_play_list?p=68EAB6793C379516\">Youtube<\/a>, do concerto dado pelo m\u00fasico no <b>Teatro a Barraca, em Lisboa.\u00a0<\/b><\/div>\n<div style=\"clear: both;font-family: Arial,Helvetica,sans-serif;text-align: center\"><a style=\"clear: left;float: left;margin-bottom: 1em;margin-right: 1em\" href=\"http:\/\/4.bp.blogspot.com\/_D55cn-YT1LU\/TJFgquoWw6I\/AAAAAAAAAH8\/ZskAEVHxSCM\/s1600\/Noiserv_Front1.jpg\"><img src=\"http:\/\/4.bp.blogspot.com\/_D55cn-YT1LU\/TJFgquoWw6I\/AAAAAAAAAH8\/ZskAEVHxSCM\/s320\/Noiserv_Front1.jpg\" \/><\/a><\/div>\n<div style=\"font-family: Arial,Helvetica,sans-serif\">\u00a0<\/div>\n<div style=\"font-family: Arial,Helvetica,sans-serif\">\u00a0<\/div>\n<div style=\"font-family: Arial,Helvetica,sans-serif\">\u00a0<\/div>\n<div style=\"font-family: Arial,Helvetica,sans-serif\">\u00a0<\/div>\n<div style=\"font-family: Arial,Helvetica,sans-serif\">\u00a0<\/div>\n<div style=\"font-family: Arial,Helvetica,sans-serif\">\u00a0<\/div>\n<div style=\"font-family: Arial,Helvetica,sans-serif\">\u00a0<\/div>\n<div style=\"font-family: Arial,Helvetica,sans-serif\">\u00a0<\/div>\n<div style=\"font-family: Arial,Helvetica,sans-serif\">\u00a0<\/div>\n<div style=\"font-family: Arial,Helvetica,sans-serif\">\u00a0<\/div>\n<div style=\"font-family: Arial,Helvetica,sans-serif\">\u00a0<\/div>\n<div style=\"font-family: Arial,Helvetica,sans-serif\">\u00a0<\/div>\n<div style=\"font-family: Arial,Helvetica,sans-serif\">\u00a0<\/div>\n<div style=\"font-family: Arial,Helvetica,sans-serif\">\u00a0<\/div>\n<div style=\"font-family: Arial,Helvetica,sans-serif\">\u00a0<\/div>\n<div style=\"font-family: Arial,Helvetica,sans-serif\">\u00a0<\/div>\n<div style=\"font-family: Arial,Helvetica,sans-serif\">\u00a0<\/div>\n<div style=\"font-family: Arial,Helvetica,sans-serif\"><b><\/b><br \/><b><\/b><br \/><span style=\"font-size: large\"><b><br \/>Download dispon\u00edvel:<\/b><\/span><br \/><span style=\"font-size: large\"><b><a href=\"http:\/\/www.megaupload.com\/?d=2U4G3QPK\">Aqui<\/a> , <a href=\"http:\/\/www.mediafire.com\/?w0v48bm0dld7vp1\">Aqui<\/a> or <a href=\"http:\/\/rapidshare.com\/files\/420336511\/Noiserv_-_Live_Teatro_A_Barraca__Lisbon__Portugal__Bootleg__by_eclectismomusical.blogspot.com.zip\">Aqui<\/a>!<\/b><\/span><\/div>","protected":false},"excerpt":{"rendered":"<p>Noiserv \u00e9 um dos mais interessantes projectos da m\u00fasica feita em Portugal. Recentemente lan\u00e7ou via Optimus Discos, o EP \u00abA Day in the Days of The Days\u00bb que ser\u00e1 oficialmente apresentado no pr\u00f3ximo dia 25 de Setembro em Lisboa, na tenda do Chapit\u00f4. David Santos, o nome por detr\u00e1s de &#8220;version quase invertido&#8221; tem vindo<\/p>","protected":false},"author":1,"featured_media":1793,"comment_status":"open","ping_status":"open","sticky":false,"template":"","format":"standard","meta":[],"categories":[25],"tags":[52],"_links":{"self":[{"href":"https:\/\/www.ecletismomusical.pt\/en\/wp-json\/wp\/v2\/posts\/498"}],"collection":[{"href":"https:\/\/www.ecletismomusical.pt\/en\/wp-json\/wp\/v2\/posts"}],"about":[{"href":"https:\/\/www.ecletismomusical.pt\/en\/wp-json\/wp\/v2\/types\/post"}],"author":[{"embeddable":true,"href":"https:\/\/www.ecletismomusical.pt\/en\/wp-json\/wp\/v2\/users\/1"}],"replies":[{"embeddable":true,"href":"https:\/\/www.ecletismomusical.pt\/en\/wp-json\/wp\/v2\/comments?post=498"}],"version-history":[{"count":3,"href":"https:\/\/www.ecletismomusical.pt\/en\/wp-json\/wp\/v2\/posts\/498\/revisions"}],"predecessor-version":[{"id":5162,"href":"https:\/\/www.ecletismomusical.pt\/en\/wp-json\/wp\/v2\/posts\/498\/revisions\/5162"}],"wp:featuredmedia":[{"embeddable":true,"href":"https:\/\/www.ecletismomusical.pt\/en\/wp-json\/wp\/v2\/media\/1793"}],"wp:attachment":[{"href":"https:\/\/www.ecletismomusical.pt\/en\/wp-json\/wp\/v2\/media?parent=498"}],"wp:term":[{"taxonomy":"category","embeddable":true,"href":"https:\/\/www.ecletismomusical.pt\/en\/wp-json\/wp\/v2\/categories?post=498"},{"taxonomy":"post_tag","embeddable":true,"href":"https:\/\/www.ecletismomusical.pt\/en\/wp-json\/wp\/v2\/tags?post=498"}],"curies":[{"name":"wp","href":"https:\/\/api.w.org\/{rel}","templated":true}]}}