{"id":501,"date":"2010-09-10T15:37:00","date_gmt":"2010-09-10T15:37:00","guid":{"rendered":"https:\/\/ecletismomusical.pt\/eclectismo-musical-6-anos\/"},"modified":"2010-09-10T15:37:00","modified_gmt":"2010-09-10T15:37:00","slug":"eclectismo-musical-6-anos","status":"publish","type":"post","link":"https:\/\/www.ecletismomusical.pt\/en\/eclectismo-musical-6-anos\/","title":{"rendered":"Eclectismo Musical &#8211; 6 anos"},"content":{"rendered":"<div style=\"clear: both;text-align: center\"><a href=\"http:\/\/4.bp.blogspot.com\/_D55cn-YT1LU\/TIpOTnudZBI\/AAAAAAAAAHk\/cczWVV0pf34\/s1600\/Nature%27s_Number_6.jpg\" style=\"clear: left;float: left;margin-bottom: 1em;margin-right: 1em\"><\/a><a href=\"http:\/\/4.bp.blogspot.com\/_D55cn-YT1LU\/TIpOTnudZBI\/AAAAAAAAAHk\/cczWVV0pf34\/s1600\/Nature%27s_Number_6.jpg\" style=\"clear: left;float: left;margin-bottom: 1em;margin-right: 1em\"><img src=\"http:\/\/4.bp.blogspot.com\/_D55cn-YT1LU\/TIpOTnudZBI\/AAAAAAAAAHk\/cczWVV0pf34\/s320\/Nature%27s_Number_6.jpg\" \/><\/a><\/div>\n<p><\/p>\n<div style=\"font-family: Arial,Helvetica,sans-serif;text-align: justify\"><\/div>\n<div style=\"font-family: Arial,Helvetica,sans-serif;text-align: justify\"><b>O <a href=\"http:\/\/eclectismomusical.blogspot.com\/\">Eclectismo Musical<\/a> completa hoje 6 anos de vida!<\/b> Foi no dia <b>10 de Setembro de 2004<\/b> que este projecto come\u00e7ou a ganhar forma. Seis anos depois, <b>um novo visual, um novo logo, <\/b>no fundo<b>,&nbsp; <\/b>uma nova vida para este blog que de entre os seus principais momentos, podemos destacar: a elei\u00e7\u00e3o como <b>Blog do M\u00eas do Cotonete<\/b>; o crescimento acentuado do <b>n\u00famero de visitas di\u00e1ria<\/b>s, a entrada e crescimento nas redes sociais e as quase <b>800,000 visualiza\u00e7\u00f5es de videos no seu canal do <a href=\"http:\/\/www.youtube.com\/user\/EclectismoM\">Youtube<\/a><\/b>!<\/div>\n<p><\/p>\n<div style=\"font-family: Arial,Helvetica,sans-serif;text-align: justify\">Para breve est\u00e3o previstas mais <b>novidades<\/b>, de entre as quais se destaca a <b>exist\u00eancia de momentos de entrevista e a disponibiliza\u00e7\u00e3o de conte\u00fados exclusivos.<\/b><\/div>\n<div style=\"font-family: Arial,Helvetica,sans-serif;text-align: justify\"><\/div>\n<div style=\"font-family: Arial,Helvetica,sans-serif;text-align: justify\">Sem os leitores, este projecto n\u00e3o faria sentido e, como tal, a todos os que t\u00eam comentado, partilhado ou simplesmente visitado, um <b>muito obrigado!<\/b><\/div>","protected":false},"excerpt":{"rendered":"<p>O Eclectismo Musical completa hoje 6 anos de vida! Foi no dia 10 de Setembro de 2004 que este projecto come\u00e7ou a ganhar forma. Seis anos depois, um novo visual, um novo logo, no fundo,&nbsp; uma nova vida para este blog que de entre os seus principais momentos, podemos destacar: a elei\u00e7\u00e3o como Blog do<\/p>","protected":false},"author":1,"featured_media":0,"comment_status":"open","ping_status":"open","sticky":false,"template":"","format":"standard","meta":[],"categories":[1],"tags":[],"_links":{"self":[{"href":"https:\/\/www.ecletismomusical.pt\/en\/wp-json\/wp\/v2\/posts\/501"}],"collection":[{"href":"https:\/\/www.ecletismomusical.pt\/en\/wp-json\/wp\/v2\/posts"}],"about":[{"href":"https:\/\/www.ecletismomusical.pt\/en\/wp-json\/wp\/v2\/types\/post"}],"author":[{"embeddable":true,"href":"https:\/\/www.ecletismomusical.pt\/en\/wp-json\/wp\/v2\/users\/1"}],"replies":[{"embeddable":true,"href":"https:\/\/www.ecletismomusical.pt\/en\/wp-json\/wp\/v2\/comments?post=501"}],"version-history":[{"count":0,"href":"https:\/\/www.ecletismomusical.pt\/en\/wp-json\/wp\/v2\/posts\/501\/revisions"}],"wp:attachment":[{"href":"https:\/\/www.ecletismomusical.pt\/en\/wp-json\/wp\/v2\/media?parent=501"}],"wp:term":[{"taxonomy":"category","embeddable":true,"href":"https:\/\/www.ecletismomusical.pt\/en\/wp-json\/wp\/v2\/categories?post=501"},{"taxonomy":"post_tag","embeddable":true,"href":"https:\/\/www.ecletismomusical.pt\/en\/wp-json\/wp\/v2\/tags?post=501"}],"curies":[{"name":"wp","href":"https:\/\/api.w.org\/{rel}","templated":true}]}}