{"id":502,"date":"2010-09-09T17:57:00","date_gmt":"2010-09-09T17:57:00","guid":{"rendered":"https:\/\/ecletismomusical.pt\/portugal-os-concertos-e-a-crise\/"},"modified":"2010-09-09T17:57:00","modified_gmt":"2010-09-09T17:57:00","slug":"portugal-os-concertos-e-a-crise","status":"publish","type":"post","link":"https:\/\/www.ecletismomusical.pt\/en\/portugal-os-concertos-e-a-crise\/","title":{"rendered":"Portugal, os Concertos e a Crise"},"content":{"rendered":"<p><a href=\"http:\/\/www.u2.com\/rmpphoto\/360\/360milan.jpg\" style=\"clear: left;float: left;margin-bottom: 1em;margin-right: 1em\"><img height=\"222\" src=\"http:\/\/www.u2.com\/rmpphoto\/360\/360milan.jpg\" width=\"320\" \/><\/a><\/p>\n<p><\/p>\n<div style=\"font-family: Arial,Helvetica,sans-serif;text-align: justify\">Portugal est\u00e1 em crise. O mundo est\u00e1 em crise. Aqui fica a lista de alguns dos principais concertos programados para Portugal at\u00e9 ao final de 2010.&nbsp; Longe v\u00e3o os tempos da falta de diversidade e qualidade da oferta de concertos. A pergunta ser\u00e1: N\u00e3o caminhamos para o extremo oposto? Como diria J\u00f4 Soares: &#8220;Se existe tanta crise \u00e9 porque deve ser um bom neg\u00f3cio.&#8221;<\/div>\n<div style=\"font-family: Arial,Helvetica,sans-serif;text-align: justify\"><\/div>\n<div style=\"font-family: Arial,Helvetica,sans-serif;text-align: justify\"><b>10 de Setembro<\/b><\/div>\n<div style=\"font-family: Arial,Helvetica,sans-serif;text-align: justify\"><\/div>\n<div style=\"font-family: Arial,Helvetica,sans-serif;text-align: justify\">Leonard Cohen (a partir de 30\u20ac)<\/div>\n<div style=\"font-family: Arial,Helvetica,sans-serif;text-align: justify\"><\/div>\n<div style=\"font-family: Arial,Helvetica,sans-serif;text-align: justify\"><b>12 de Setembro<\/b><\/div>\n<div style=\"font-family: Arial,Helvetica,sans-serif;text-align: justify\"><\/div>\n<div style=\"font-family: Arial,Helvetica,sans-serif;text-align: justify\">Supertramp (a partir de 30\u20ac)<\/div>\n<div style=\"font-family: Arial,Helvetica,sans-serif;text-align: justify\"><b><br \/><\/b><\/div>\n<div style=\"font-family: Arial,Helvetica,sans-serif;text-align: justify\"><b>19 de Setembro<\/b><\/div>\n<div style=\"font-family: Arial,Helvetica,sans-serif;text-align: justify\"><\/div>\n<div style=\"font-family: Arial,Helvetica,sans-serif;text-align: justify\">Eels (25\u20ac)<\/div>\n<div style=\"font-family: Arial,Helvetica,sans-serif;text-align: justify\"><\/div>\n<div style=\"font-family: Arial,Helvetica,sans-serif;text-align: justify\"><b>22 de Setembro<\/b><\/div>\n<div style=\"font-family: Arial,Helvetica,sans-serif;text-align: justify\"><\/div>\n<div style=\"font-family: Arial,Helvetica,sans-serif;text-align: justify\">Goldfrapp (a partir de 30\u20ac)<\/div>\n<div style=\"font-family: Arial,Helvetica,sans-serif;text-align: justify\"><b><br \/><\/b><\/div>\n<div style=\"font-family: Arial,Helvetica,sans-serif;text-align: justify\"><b>2 e 3 de Outubro<\/b><\/div>\n<div style=\"font-family: Arial,Helvetica,sans-serif;text-align: justify\"><\/div>\n<div style=\"font-family: Arial,Helvetica,sans-serif;text-align: justify\">U2 + Interpol (a partir de 35\u20ac ou a partir de 150\u20ac no mercado negro)<\/div>\n<div style=\"font-family: Arial,Helvetica,sans-serif;text-align: justify\"><\/div>\n<div style=\"font-family: Arial,Helvetica,sans-serif;text-align: justify\"><b>6 de Outubro<\/b><\/div>\n<div style=\"font-family: Arial,Helvetica,sans-serif;text-align: justify\"><\/div>\n<div style=\"font-family: Arial,Helvetica,sans-serif;text-align: justify\">Guns n&#8217; Roses (a partir de 32\u20ac)<\/div>\n<div style=\"font-family: Arial,Helvetica,sans-serif;text-align: justify\"><\/div>\n<div style=\"font-family: Arial,Helvetica,sans-serif;text-align: justify\"><b>7 de Outubro<\/b><\/div>\n<div style=\"font-family: Arial,Helvetica,sans-serif;text-align: justify\"><\/div>\n<div style=\"font-family: Arial,Helvetica,sans-serif;text-align: justify\">Andrew Bird (a partir de 25\u20ac)<\/div>\n<div style=\"font-family: Arial,Helvetica,sans-serif;text-align: justify\">Placebo (30\u20ac)<\/div>\n<div style=\"font-family: Arial,Helvetica,sans-serif;text-align: justify\"><b><br \/><\/b><\/div>\n<div style=\"font-family: Arial,Helvetica,sans-serif;text-align: justify\"><b>16 de Outubro<\/b><\/div>\n<div style=\"font-family: Arial,Helvetica,sans-serif;text-align: justify\"><\/div>\n<div style=\"font-family: Arial,Helvetica,sans-serif;text-align: justify\">Joan As Police Woman + Tiago Bettencourt &amp; Mantha (a partir de 12,50\u20ac)<\/div>\n<div style=\"font-family: Arial,Helvetica,sans-serif;text-align: justify\">Mark Kozelek + Foge Foge Bandido (a partir de 12,50\u20ac)<\/div>\n<div style=\"font-family: Arial,Helvetica,sans-serif;text-align: justify\"><\/div>\n<div style=\"font-family: Arial,Helvetica,sans-serif;text-align: justify\"><b>17 de Outubro<\/b><\/div>\n<div style=\"font-family: Arial,Helvetica,sans-serif;text-align: justify\"><\/div>\n<div style=\"font-family: Arial,Helvetica,sans-serif;text-align: justify\">Lloyd Cole + Piers Faccini (a partir de 20\u20ac)<\/div>\n<div style=\"font-family: Arial,Helvetica,sans-serif;text-align: justify\"><b><br \/><\/b><\/div>\n<div style=\"font-family: Arial,Helvetica,sans-serif;text-align: justify\"><b>20 de Outubro<\/b><\/div>\n<div style=\"font-family: Arial,Helvetica,sans-serif;text-align: justify\"><\/div>\n<div style=\"font-family: Arial,Helvetica,sans-serif;text-align: justify\">The Swell Season (23\u20ac)<\/div>\n<div style=\"font-family: Arial,Helvetica,sans-serif;text-align: justify\"><\/div>\n<div style=\"font-family: Arial,Helvetica,sans-serif;text-align: justify\"><b>28 de Outubro<\/b><\/div>\n<div style=\"font-family: Arial,Helvetica,sans-serif;text-align: justify\"><\/div>\n<div style=\"font-family: Arial,Helvetica,sans-serif;text-align: justify\">Tindersticks (a partir de 20\u20ac)<\/div>\n<div style=\"font-family: Arial,Helvetica,sans-serif;text-align: justify\"><\/div>\n<div style=\"font-family: Arial,Helvetica,sans-serif;text-align: justify\"><b>7 de Novembro<\/b><\/div>\n<div style=\"font-family: Arial,Helvetica,sans-serif;text-align: justify\"><\/div>\n<div style=\"font-family: Arial,Helvetica,sans-serif;text-align: justify\">Broken Social Scene (a partir de 23\u20ac)<\/div>\n<div style=\"font-family: Arial,Helvetica,sans-serif;text-align: justify\"><\/div>\n<div style=\"font-family: Arial,Helvetica,sans-serif;text-align: justify\"><b>10 de Novembro<\/b><\/div>\n<div style=\"font-family: Arial,Helvetica,sans-serif;text-align: justify\"><\/div>\n<div style=\"font-family: Arial,Helvetica,sans-serif;text-align: justify\">Vampire Weekend (a partir de 24\u20ac)<\/div>\n<div style=\"font-family: Arial,Helvetica,sans-serif;text-align: justify\"><\/div>\n<div style=\"font-family: Arial,Helvetica,sans-serif;text-align: justify\"><b>11 de Novembro<\/b><\/div>\n<div style=\"font-family: Arial,Helvetica,sans-serif;text-align: justify\"><\/div>\n<div style=\"font-family: Arial,Helvetica,sans-serif;text-align: justify\">The Drums (a partir de 22\u20ac)<\/div>\n<div style=\"font-family: Arial,Helvetica,sans-serif;text-align: justify\"><\/div>\n<div style=\"font-family: Arial,Helvetica,sans-serif;text-align: justify\"><b>12 de Novembro<\/b><\/div>\n<div style=\"font-family: Arial,Helvetica,sans-serif;text-align: justify\"><\/div>\n<div style=\"font-family: Arial,Helvetica,sans-serif;text-align: justify\">Interpol (a partir de 30\u20ac)<\/div>\n<div style=\"font-family: Arial,Helvetica,sans-serif;text-align: justify\"><b><br \/><\/b><\/div>\n<div style=\"font-family: Arial,Helvetica,sans-serif;text-align: justify\"><b>14 de Novembro<\/b><\/div>\n<div style=\"font-family: Arial,Helvetica,sans-serif;text-align: justify\"><\/div>\n<div style=\"font-family: Arial,Helvetica,sans-serif;text-align: justify\">The Walkmen (a partir de 25\u20ac)<\/div>\n<div style=\"font-family: Arial,Helvetica,sans-serif;text-align: justify\"><\/div>\n<div style=\"font-family: Arial,Helvetica,sans-serif;text-align: justify\"><b>18 de Novembro<\/b><\/div>\n<div style=\"font-family: Arial,Helvetica,sans-serif;text-align: justify\"><\/div>\n<div style=\"font-family: Arial,Helvetica,sans-serif;text-align: justify\">Arcade Fire (a partir de 34\u20ac)<\/div>\n<div style=\"font-family: Arial,Helvetica,sans-serif;text-align: justify\"><\/div>\n<div style=\"font-family: Arial,Helvetica,sans-serif;text-align: justify\"><b>22 de Novembro<\/b><\/div>\n<div style=\"font-family: Arial,Helvetica,sans-serif;text-align: justify\"><\/div>\n<div style=\"font-family: Arial,Helvetica,sans-serif;text-align: justify\">Joe Satriani (a partir de 25\u20ac)<\/div>\n<div style=\"font-family: Arial,Helvetica,sans-serif;text-align: justify\"><\/div>\n<div style=\"font-family: Arial,Helvetica,sans-serif;text-align: justify\"><b>24 de Novembro<\/b><\/div>\n<div style=\"font-family: Arial,Helvetica,sans-serif;text-align: justify\"><\/div>\n<div style=\"font-family: Arial,Helvetica,sans-serif;text-align: justify\">Gogol Bordello (a partir de 23\u20ac)<\/div>\n<div style=\"font-family: Arial,Helvetica,sans-serif;text-align: justify\"><\/div>\n<div style=\"font-family: Arial,Helvetica,sans-serif;text-align: justify\"><b>29 de Novembro<\/b><\/div>\n<div style=\"font-family: Arial,Helvetica,sans-serif;text-align: justify\"><\/div>\n<div style=\"font-family: Arial,Helvetica,sans-serif;text-align: justify\">The Divine Comedy (a partir de 10\u20ac)<\/div>\n<div style=\"font-family: Arial,Helvetica,sans-serif;text-align: justify\"><\/div>\n<div style=\"font-family: Arial,Helvetica,sans-serif;text-align: justify\"><b>3 de Dezembro<\/b><\/div>\n<div style=\"font-family: Arial,Helvetica,sans-serif;text-align: justify\"><\/div>\n<div style=\"font-family: Arial,Helvetica,sans-serif;text-align: justify\">James (a partir de 25\u20ac)<\/div>\n<div style=\"font-family: Arial,Helvetica,sans-serif;text-align: justify\"><\/div>\n<div style=\"font-family: Arial,Helvetica,sans-serif;text-align: justify\"><b>18 de Dezembro<\/b><\/div>\n<div style=\"font-family: Arial,Helvetica,sans-serif;text-align: justify\"><\/div>\n<div style=\"font-family: Arial,Helvetica,sans-serif;text-align: justify\">MGMT (a partir de 30\u20ac)<\/div>\n<div style=\"font-family: Arial,Helvetica,sans-serif;text-align: justify\"><\/div>\n<div style=\"font-family: Arial,Helvetica,sans-serif;text-align: justify\">\n<div style=\"font-family: Arial,Helvetica,sans-serif;text-align: justify\">Feitas as contas, e seleccionando apenas alguns dos mais significativos concertos at\u00e9 ao final do ano, chegamos ao bonito n\u00famero de <b>553,50\u20ac.<\/b> Isto claro se, em muitos casos, quisermos apenas ouvir. J\u00e1 que, se quisermos ver alguma coisa teremos que somar mais uns quantos euros a cada concerto, uma vez que os pre\u00e7os indicativos foram para os lugares mais baratos, alguns, declaradamente com &#8220;vis\u00e3o reduzida&#8221;. Assim vai o mundo. &#8220;\u00c9 a cultura, est\u00fapido!&#8221;<\/div>\n<\/div>","protected":false},"excerpt":{"rendered":"<p>Portugal est\u00e1 em crise. O mundo est\u00e1 em crise. Aqui fica a lista de alguns dos principais concertos programados para Portugal at\u00e9 ao final de 2010.&nbsp; Longe v\u00e3o os tempos da falta de diversidade e qualidade da oferta de concertos. A pergunta ser\u00e1: N\u00e3o caminhamos para o extremo oposto? Como diria J\u00f4 Soares: &#8220;Se existe<\/p>","protected":false},"author":1,"featured_media":0,"comment_status":"open","ping_status":"open","sticky":false,"template":"","format":"standard","meta":[],"categories":[1],"tags":[],"_links":{"self":[{"href":"https:\/\/www.ecletismomusical.pt\/en\/wp-json\/wp\/v2\/posts\/502"}],"collection":[{"href":"https:\/\/www.ecletismomusical.pt\/en\/wp-json\/wp\/v2\/posts"}],"about":[{"href":"https:\/\/www.ecletismomusical.pt\/en\/wp-json\/wp\/v2\/types\/post"}],"author":[{"embeddable":true,"href":"https:\/\/www.ecletismomusical.pt\/en\/wp-json\/wp\/v2\/users\/1"}],"replies":[{"embeddable":true,"href":"https:\/\/www.ecletismomusical.pt\/en\/wp-json\/wp\/v2\/comments?post=502"}],"version-history":[{"count":0,"href":"https:\/\/www.ecletismomusical.pt\/en\/wp-json\/wp\/v2\/posts\/502\/revisions"}],"wp:attachment":[{"href":"https:\/\/www.ecletismomusical.pt\/en\/wp-json\/wp\/v2\/media?parent=502"}],"wp:term":[{"taxonomy":"category","embeddable":true,"href":"https:\/\/www.ecletismomusical.pt\/en\/wp-json\/wp\/v2\/categories?post=502"},{"taxonomy":"post_tag","embeddable":true,"href":"https:\/\/www.ecletismomusical.pt\/en\/wp-json\/wp\/v2\/tags?post=502"}],"curies":[{"name":"wp","href":"https:\/\/api.w.org\/{rel}","templated":true}]}}