{"id":503,"date":"2010-09-07T16:13:00","date_gmt":"2010-09-07T16:13:00","guid":{"rendered":"https:\/\/ecletismomusical.pt\/the-walkmen-lisbon\/"},"modified":"2010-09-07T16:13:00","modified_gmt":"2010-09-07T16:13:00","slug":"the-walkmen-lisbon","status":"publish","type":"post","link":"https:\/\/www.ecletismomusical.pt\/en\/the-walkmen-lisbon\/","title":{"rendered":"The Walkmen &#8211; Lisbon"},"content":{"rendered":"<div style=\"clear: both;text-align: center\"><a href=\"http:\/\/lh6.ggpht.com\/_tZDMZQno17g\/TDzyD6-GtHI\/AAAAAAAABso\/kNHwVJWSwMw\/walkmen-lisbon_thumb%5B3%5D.jpg?imgmax=800\" style=\"clear: left;float: left;margin-bottom: 1em;margin-right: 1em\"><img height=\"284\" src=\"http:\/\/lh6.ggpht.com\/_tZDMZQno17g\/TDzyD6-GtHI\/AAAAAAAABso\/kNHwVJWSwMw\/walkmen-lisbon_thumb%5B3%5D.jpg?imgmax=800\" width=\"320\" \/><\/a><\/div>\n<p><\/p>\n<div style=\"font-family: Arial,Helvetica,sans-serif;text-align: justify\">\n<p>De tempos a tempos uma banda alcan\u00e7a em Portugal n\u00edveis de culto apreci\u00e1veis e passa a merecer especial aten\u00e7\u00e3o dos mel\u00f3manos nacionais. Basta pensar nos <b>dEUS<\/b> ou nos <b>Lamb<\/b>, para concluir que, atrav\u00e9s de fen\u00f3menos mais ou menos comerciais, por vezes os portugueses (sim, ainda que apenas alguns) adoptam uma nova banda como sua. E dizem os entendidos que, se h\u00e1 coisas que os Portugueses sabem fazer bem, demonstrar o apre\u00e7o e carinho por uma banda est\u00e1 claramente no Top. Nem sempre as bandas reconhecem esse apre\u00e7o mas, de tempos a tempos, surge uma demonstra\u00e7\u00e3o de apre\u00e7o por parte dos criadores de bons momentos.<\/div>\n<div style=\"font-family: Arial,Helvetica,sans-serif;text-align: justify\"><\/div>\n<div style=\"font-family: Arial,Helvetica,sans-serif;text-align: justify\">Dizia o vocalista dos <a href=\"http:\/\/www.myspace.com\/thewalkmen\"><b>\u00abThe Walkmen\u00bb<\/b><\/a>, <b>Hamilton Leithauser<\/b> que <b>&#8220;Nunca tivemos muita sorte na Europa mas os portugueses receberam-nos  muito bem. As duas visitas a Lisboa deram-nos motiva\u00e7\u00e3o para gravarmos  este disco&#8221;<\/b>. Ora em jeito de agradecimento, os <b>The Walkmen<\/b> decidiram dar ao seu mais recente \u00e1lbum, a editar no pr\u00f3ximo dia 13 de Setembro, o t\u00edtulo: <a href=\"http:\/\/www.myspace.com\/thewalkmen\"><b>\u00abLisbon\u00bb<\/b><\/a>.<\/div>\n<div style=\"font-family: Arial,Helvetica,sans-serif;text-align: justify\"><\/div>\n<div style=\"font-family: Arial,Helvetica,sans-serif;text-align: justify\">O disco est\u00e1 em <b>pr\u00e9-audi\u00e7\u00e3o (por inteiro) no site da NPR<\/b> e pode ser ouvido <b><a href=\"http:\/\/www.npr.org\/player\/v2\/mediaPlayer.html?action=1&amp;t=1&amp;islist=false&amp;id=129177585&amp;m=129167859\">aqui!<\/a><\/b><\/div>\n<p><\/p>","protected":false},"excerpt":{"rendered":"<p>De tempos a tempos uma banda alcan\u00e7a em Portugal n\u00edveis de culto apreci\u00e1veis e passa a merecer especial aten\u00e7\u00e3o dos mel\u00f3manos nacionais. Basta pensar nos dEUS ou nos Lamb, para concluir que, atrav\u00e9s de fen\u00f3menos mais ou menos comerciais, por vezes os portugueses (sim, ainda que apenas alguns) adoptam uma nova banda como sua. E<\/p>","protected":false},"author":1,"featured_media":0,"comment_status":"open","ping_status":"open","sticky":false,"template":"","format":"standard","meta":[],"categories":[1],"tags":[],"_links":{"self":[{"href":"https:\/\/www.ecletismomusical.pt\/en\/wp-json\/wp\/v2\/posts\/503"}],"collection":[{"href":"https:\/\/www.ecletismomusical.pt\/en\/wp-json\/wp\/v2\/posts"}],"about":[{"href":"https:\/\/www.ecletismomusical.pt\/en\/wp-json\/wp\/v2\/types\/post"}],"author":[{"embeddable":true,"href":"https:\/\/www.ecletismomusical.pt\/en\/wp-json\/wp\/v2\/users\/1"}],"replies":[{"embeddable":true,"href":"https:\/\/www.ecletismomusical.pt\/en\/wp-json\/wp\/v2\/comments?post=503"}],"version-history":[{"count":0,"href":"https:\/\/www.ecletismomusical.pt\/en\/wp-json\/wp\/v2\/posts\/503\/revisions"}],"wp:attachment":[{"href":"https:\/\/www.ecletismomusical.pt\/en\/wp-json\/wp\/v2\/media?parent=503"}],"wp:term":[{"taxonomy":"category","embeddable":true,"href":"https:\/\/www.ecletismomusical.pt\/en\/wp-json\/wp\/v2\/categories?post=503"},{"taxonomy":"post_tag","embeddable":true,"href":"https:\/\/www.ecletismomusical.pt\/en\/wp-json\/wp\/v2\/tags?post=503"}],"curies":[{"name":"wp","href":"https:\/\/api.w.org\/{rel}","templated":true}]}}