{"id":5040,"date":"2019-11-19T14:08:20","date_gmt":"2019-11-19T14:08:20","guid":{"rendered":"https:\/\/www.ecletismomusical.pt\/?p=5040"},"modified":"2019-11-19T14:08:51","modified_gmt":"2019-11-19T14:08:51","slug":"25-5-1942-19-11-2019-jose-mario-branco","status":"publish","type":"post","link":"https:\/\/www.ecletismomusical.pt\/en\/25-5-1942-19-11-2019-jose-mario-branco\/","title":{"rendered":"[25\/5\/1942 &#8211; 19\/11\/2019] Jos\u00e9 M\u00e1rio Branco"},"content":{"rendered":"<div class=\"wp-block-embed__wrapper\">\n<iframe width=\"900\" height=\"675\" src=\"https:\/\/www.youtube.com\/embed\/KLxJrkMpDSY?feature=oembed\" frameborder=\"0\" allowfullscreen><\/iframe>\n<\/div>\n\n\n\n<p>Um dos maiores. Partiu hoje. Ficar\u00e1 para sempre na sua voz e na voz de tantos que pegaram nos seus temas, nomeadamente, em Inquieta\u00e7\u00e3o:<\/p>\n\n\n\n<div class=\"wp-block-embed__wrapper\">\n<iframe width=\"900\" height=\"506\" src=\"https:\/\/www.youtube.com\/embed\/WavxYtR2AqY?feature=oembed\" frameborder=\"0\" allowfullscreen><\/iframe>\n<\/div>\n\n\n\n<div class=\"wp-block-embed__wrapper\">\n<iframe width=\"900\" height=\"675\" src=\"https:\/\/www.youtube.com\/embed\/841U-ixrZm0?feature=oembed\" frameborder=\"0\" allowfullscreen><\/iframe>\n<\/div>\n\n\n\n<div class=\"wp-block-embed__wrapper\">\n<iframe width=\"900\" height=\"675\" src=\"https:\/\/www.youtube.com\/embed\/D0HPZdpoo3U?feature=oembed\" frameborder=\"0\" allowfullscreen><\/iframe>\n<\/div>\n\n\n\n<div class=\"wp-block-embed__wrapper\">\nhttps:\/\/www.youtube.com\/watch?v=dkMVS7UmUWI\n<\/div>","protected":false},"excerpt":{"rendered":"<p>Um dos maiores. Partiu hoje. Ficar\u00e1 para sempre na sua voz e na voz de tantos que pegaram nos seus temas, nomeadamente, em Inquieta\u00e7\u00e3o:<\/p>","protected":false},"author":3,"featured_media":5041,"comment_status":"open","ping_status":"open","sticky":false,"template":"","format":"standard","meta":[],"categories":[118],"tags":[504],"_links":{"self":[{"href":"https:\/\/www.ecletismomusical.pt\/en\/wp-json\/wp\/v2\/posts\/5040"}],"collection":[{"href":"https:\/\/www.ecletismomusical.pt\/en\/wp-json\/wp\/v2\/posts"}],"about":[{"href":"https:\/\/www.ecletismomusical.pt\/en\/wp-json\/wp\/v2\/types\/post"}],"author":[{"embeddable":true,"href":"https:\/\/www.ecletismomusical.pt\/en\/wp-json\/wp\/v2\/users\/3"}],"replies":[{"embeddable":true,"href":"https:\/\/www.ecletismomusical.pt\/en\/wp-json\/wp\/v2\/comments?post=5040"}],"version-history":[{"count":1,"href":"https:\/\/www.ecletismomusical.pt\/en\/wp-json\/wp\/v2\/posts\/5040\/revisions"}],"predecessor-version":[{"id":5042,"href":"https:\/\/www.ecletismomusical.pt\/en\/wp-json\/wp\/v2\/posts\/5040\/revisions\/5042"}],"wp:featuredmedia":[{"embeddable":true,"href":"https:\/\/www.ecletismomusical.pt\/en\/wp-json\/wp\/v2\/media\/5041"}],"wp:attachment":[{"href":"https:\/\/www.ecletismomusical.pt\/en\/wp-json\/wp\/v2\/media?parent=5040"}],"wp:term":[{"taxonomy":"category","embeddable":true,"href":"https:\/\/www.ecletismomusical.pt\/en\/wp-json\/wp\/v2\/categories?post=5040"},{"taxonomy":"post_tag","embeddable":true,"href":"https:\/\/www.ecletismomusical.pt\/en\/wp-json\/wp\/v2\/tags?post=5040"}],"curies":[{"name":"wp","href":"https:\/\/api.w.org\/{rel}","templated":true}]}}