{"id":505,"date":"2010-09-04T15:44:00","date_gmt":"2010-09-04T15:44:00","guid":{"rendered":"https:\/\/ecletismomusical.pt\/em-repeat-arcade-fire-concerto-ao-vivo\/"},"modified":"2010-09-04T15:44:00","modified_gmt":"2010-09-04T15:44:00","slug":"em-repeat-arcade-fire-concerto-ao-vivo","status":"publish","type":"post","link":"https:\/\/www.ecletismomusical.pt\/en\/em-repeat-arcade-fire-concerto-ao-vivo\/","title":{"rendered":"EM REPEAT: Arcade Fire &#8211; Concerto ao vivo"},"content":{"rendered":"<div style=\"clear: both;text-align: center\"><a href=\"http:\/\/www.amoeba.com\/dynamic-images\/blog\/Sarah\/arcade-fire-live.jpg\" style=\"clear: left;float: left;margin-bottom: 1em;margin-right: 1em\"><img height=\"213\" src=\"http:\/\/www.amoeba.com\/dynamic-images\/blog\/Sarah\/arcade-fire-live.jpg\" width=\"320\" \/><\/a><\/div>\n<div style=\"font-family: Arial,Helvetica,sans-serif;text-align: justify\">\n<p>Continua dispon\u00edvel (por tempo limitado) o v\u00eddeo integral do hist\u00f3rico concerto que os <a href=\"http:\/\/www.arcadefire.com\/\"><b>Arcade Fire<\/b><\/a> deram no in\u00edcio de Agosto, no <b>Madison Square Garden<\/b>, que contou com a realiza\u00e7\u00e3o de <b>Terry Gilliam<\/b> e foi transmitido para todo o mundo em directo atrav\u00e9s do <b>Youtube<\/b>. <\/div>\n<p><\/p>","protected":false},"excerpt":{"rendered":"<p>Continua dispon\u00edvel (por tempo limitado) o v\u00eddeo integral do hist\u00f3rico concerto que os Arcade Fire deram no in\u00edcio de Agosto, no Madison Square Garden, que contou com a realiza\u00e7\u00e3o de Terry Gilliam e foi transmitido para todo o mundo em directo atrav\u00e9s do Youtube.<\/p>","protected":false},"author":1,"featured_media":0,"comment_status":"open","ping_status":"open","sticky":false,"template":"","format":"standard","meta":[],"categories":[1],"tags":[],"_links":{"self":[{"href":"https:\/\/www.ecletismomusical.pt\/en\/wp-json\/wp\/v2\/posts\/505"}],"collection":[{"href":"https:\/\/www.ecletismomusical.pt\/en\/wp-json\/wp\/v2\/posts"}],"about":[{"href":"https:\/\/www.ecletismomusical.pt\/en\/wp-json\/wp\/v2\/types\/post"}],"author":[{"embeddable":true,"href":"https:\/\/www.ecletismomusical.pt\/en\/wp-json\/wp\/v2\/users\/1"}],"replies":[{"embeddable":true,"href":"https:\/\/www.ecletismomusical.pt\/en\/wp-json\/wp\/v2\/comments?post=505"}],"version-history":[{"count":0,"href":"https:\/\/www.ecletismomusical.pt\/en\/wp-json\/wp\/v2\/posts\/505\/revisions"}],"wp:attachment":[{"href":"https:\/\/www.ecletismomusical.pt\/en\/wp-json\/wp\/v2\/media?parent=505"}],"wp:term":[{"taxonomy":"category","embeddable":true,"href":"https:\/\/www.ecletismomusical.pt\/en\/wp-json\/wp\/v2\/categories?post=505"},{"taxonomy":"post_tag","embeddable":true,"href":"https:\/\/www.ecletismomusical.pt\/en\/wp-json\/wp\/v2\/tags?post=505"}],"curies":[{"name":"wp","href":"https:\/\/api.w.org\/{rel}","templated":true}]}}