{"id":508,"date":"2010-09-02T10:43:00","date_gmt":"2010-09-02T10:43:00","guid":{"rendered":"https:\/\/ecletismomusical.pt\/festival-sintra-misty-em-outubro\/"},"modified":"2010-09-02T10:43:00","modified_gmt":"2010-09-02T10:43:00","slug":"festival-sintra-misty-em-outubro","status":"publish","type":"post","link":"https:\/\/www.ecletismomusical.pt\/en\/festival-sintra-misty-em-outubro\/","title":{"rendered":"Festival Sintra Misty em Outubro"},"content":{"rendered":"<div style=\"clear: both;text-align: center\"><a href=\"http:\/\/1.bp.blogspot.com\/_D55cn-YT1LU\/TH984IRza2I\/AAAAAAAAAGU\/ITXHG8dEgP8\/s1600\/topsintra.png\" style=\"clear: left;float: left;margin-bottom: 1em;margin-right: 1em\"><img src=\"http:\/\/1.bp.blogspot.com\/_D55cn-YT1LU\/TH984IRza2I\/AAAAAAAAAGU\/ITXHG8dEgP8\/s320\/topsintra.png\" \/><\/a><\/div>\n<div style=\"clear: both;text-align: center\"><a href=\"http:\/\/4.bp.blogspot.com\/_D55cn-YT1LU\/TH98VFIG7wI\/AAAAAAAAAGM\/7v_KY2-uTIE\/s1600\/sintramisty_cartaz.jpg\" style=\"clear: left;float: left;margin-bottom: 1em;margin-right: 1em\"><img height=\"156\" src=\"http:\/\/4.bp.blogspot.com\/_D55cn-YT1LU\/TH98VFIG7wI\/AAAAAAAAAGM\/7v_KY2-uTIE\/s400\/sintramisty_cartaz.jpg\" width=\"400\" \/><\/a><\/div>\n<div style=\"font-family: Arial,Helvetica,sans-serif;text-align: justify\">\n<p>J\u00e1 est\u00e1 encerrado o cartaz da primeira edi\u00e7\u00e3o do <a href=\"http:\/\/www.sintra-misty.com\/\">festival Sintra  Misty<\/a>, que se realiza entre <b>15 e 17 de Outubro no Centro Cultural  Orquestra Cadaval, em Sintra<\/b>. Entre os nomes grandes do evento est\u00e3o <b> Mark Kozelek, Lloyd Cole, Joan As Police Woman<\/b> and <b>Piers Faccini<\/b>.<\/div>\n<div style=\"font-family: Arial,Helvetica,sans-serif;text-align: justify\"><\/div>\n<div><\/div>\n<div style=\"font-family: Arial,Helvetica,sans-serif;text-align: justify\">O festival vai contar com dois espa\u00e7os de concertos: as duas salas do  Centro Cultural Olga Cadaval, ou seja, o Audit\u00f3rio Jorge Sampaio (que  acolher\u00e1 os concertos principais) e o Audit\u00f3rio Ac\u00e1cio Barreiros (mais  pequeno, que receber\u00e1 os concertos das bandas da editora Optimus  Discos).<\/div>\n<div style=\"font-family: Arial,Helvetica,sans-serif;text-align: justify\"><\/div>\n<div style=\"text-align: justify\"><\/div>\n<div style=\"font-family: Arial,Helvetica,sans-serif;text-align: justify\">Al\u00e9m destes dois espa\u00e7os de concertos, o festival contar\u00e1 tamb\u00e9m com  as Misty Sessions, a decorrer num dos espa\u00e7os do Olga Cadaval, com  concertos e sess\u00f5es de DJs a partir das 00h00.&nbsp;<\/div>\n<div style=\"font-family: Arial,Helvetica,sans-serif;text-align: justify\"><\/div>\n<div style=\"font-family: Arial,Helvetica,sans-serif;text-align: justify\">Cartaz completo dispon\u00edvel <a href=\"http:\/\/www.sintra-misty.com\/programa_main.php\">aqui<\/a>!<\/div>\n<div style=\"font-family: Arial,Helvetica,sans-serif;text-align: justify\"><\/div>\n<div style=\"font-family: Arial,Helvetica,sans-serif;text-align: justify\">O <b>Eclectismo Musical<\/b> n\u00e3o pode deixar de observar que n\u00e3o est\u00e1 dispon\u00edvel a op\u00e7\u00e3o <b>\u00abPasse Festival\u00bb<\/b>, ou seja, Festival, s\u00f3 de nome, uma vez que os pre\u00e7os dos concertos variam consoante os artistas e os dias das actua\u00e7\u00f5es.<\/div>\n<div style=\"font-family: Arial,Helvetica,sans-serif\"><\/div>\n<div style=\"font-family: Arial,Helvetica,sans-serif\"><\/div>\n<div style=\"font-family: Arial,Helvetica,sans-serif\"><span style=\"font-size: xx-small\"><b><u>15 Outubro<\/u><\/b><\/span><\/div>\n<div style=\"font-family: Arial,Helvetica,sans-serif\"><\/div>\n<div style=\"font-family: Arial,Helvetica,sans-serif\"><span style=\"font-size: xx-small\"><b> <i>Palco Principal (21h00)<\/i>  <\/b><\/span>  <span style=\"font-size: xx-small\"><br \/>Dez Mona <br \/>Rodrigo Le\u00e3o &amp; Cinema Ensemble&nbsp;<\/span><\/div>\n<div style=\"font-family: Arial,Helvetica,sans-serif\"><span style=\"font-size: xx-small\"><u>* bilhetes entre \u20ac20,00 e \u20ac30,00<\/u><\/span><\/div>\n<div style=\"font-family: Arial,Helvetica,sans-serif\"><\/div>\n<div style=\"font-family: Arial,Helvetica,sans-serif\"><span style=\"font-size: xx-small\"><b> <i>Palco Optimus Discos (21h30)<\/i>  <\/b><\/span>  <span style=\"font-size: xx-small\"><br \/>T\u00f3 Trips\/Tiago Gomes <br \/>Mazgani <br \/><u>* bilhetes para os dois concertos a \u20ac5,00<\/u><\/span><\/div>\n<div style=\"font-family: Arial,Helvetica,sans-serif\"><span style=\"font-size: xx-small\"><u>&nbsp;<\/u><\/span>  <\/div>\n<div style=\"font-family: Arial,Helvetica,sans-serif\"><span style=\"font-size: xx-small\"><b> <i>Misty Sessions (00h00)<\/i>  <\/b><\/span>  <span style=\"font-size: xx-small\"><br \/>Nicole Eitner <br \/>Sandy Kilpatrick <br \/>Rui Miguel Abreu DJ Set <br \/><u>*bilhetes ao pre\u00e7o \u00fanico de \u20ac10,00<\/u><\/span>  <\/div>\n<div style=\"font-family: Arial,Helvetica,sans-serif\"><span style=\"font-size: xx-small\"><br \/><b><u>16 Outubro<\/u><\/b><\/span><\/div>\n<div style=\"font-family: Arial,Helvetica,sans-serif\"><\/div>\n<div style=\"font-family: Arial,Helvetica,sans-serif\"><span style=\"font-size: xx-small\"><b> <i>Palco Principal<\/i>  <\/b><\/span>  <span style=\"font-size: xx-small\"><\/span><\/div>\n<div style=\"font-family: Arial,Helvetica,sans-serif\"><span style=\"font-size: xx-small\"><br \/><i>Sess\u00e3o da Tarde (17h00)<\/i><\/span>     <span style=\"font-size: xx-small\"><br \/>Tiago Bettencourt &amp; Mantha <br \/>Joan As Police Woman <br \/><u>* bilhetes entre \u20ac12,50 e \u20ac25,00<\/u><\/span>   <span style=\"font-size: xx-small\"><\/span><\/div>\n<div style=\"font-family: Arial,Helvetica,sans-serif\"><span style=\"font-size: xx-small\"><br \/><i>Sess\u00e3o da Noite (21h00) <br \/><\/i>  Foge Foge Bandido <\/span>  <span style=\"font-size: xx-small\"><br \/>Mark Kozelek <br \/><u>* bilhetes entre \u20ac12,50 e \u20ac25,00<\/u><\/span><\/div>\n<div style=\"font-family: Arial,Helvetica,sans-serif\"><span style=\"font-size: xx-small\"><u>&nbsp;<\/u><\/span>  <\/div>\n<div style=\"font-family: Arial,Helvetica,sans-serif\"><span style=\"font-size: xx-small\"><b> <i>Palco Optimus Discos<\/i>  <\/b><\/span>  <span style=\"font-size: xx-small\"><\/span><\/div>\n<div style=\"font-family: Arial,Helvetica,sans-serif\"><span style=\"font-size: xx-small\"><br \/><i>Sess\u00e3o da Tarde (17h30)<\/i><\/span>     <span style=\"font-size: xx-small\"><br \/>Mendes <br \/>Jo\u00e3o S\u00f3 e Abandonados <br \/><u>* bilhetes para os dois concertos a \u20ac5,00&nbsp;<\/u><\/span><\/div>\n<div style=\"font-family: Arial,Helvetica,sans-serif\"><span style=\"font-size: xx-small\"><u><br \/><\/u><i>Sess\u00e3o da Noite (21h30) <br \/><\/i>  Walter Benjamin <\/span>   <span style=\"font-size: xx-small\"><br \/>M\u00e1rcia <br \/><u>* bilhetes para os dois concertos a \u20ac5,00<\/u><\/span>  <\/div>\n<div style=\"font-family: Arial,Helvetica,sans-serif\"><span style=\"font-size: xx-small\"><b> <i>Misty Sessions (00h00)<\/i>  <\/b><\/span>  <span style=\"font-size: xx-small\"><br \/>The Soaked Lamb <br \/>Gomo <br \/>Rui Miguel Abreu DJ Set <br \/><u>*bilhetes ao pre\u00e7o \u00fanico de \u20ac10,00<\/u><\/span>  <\/div>\n<div style=\"font-family: Arial,Helvetica,sans-serif\"><span style=\"font-size: xx-small\"><br \/><b><u>17 Outubro<\/u><\/b><\/span><\/div>\n<div style=\"font-family: Arial,Helvetica,sans-serif\"><span style=\"font-size: xx-small\"><b><u>&nbsp;<\/u> <\/b><\/span>   <\/div>\n<div style=\"font-family: Arial,Helvetica,sans-serif\"><span style=\"font-size: xx-small\"><b> <i>Palco Principal<\/i>  <\/b><\/span>  <span style=\"font-size: xx-small\"><br \/><i>Sess\u00e3o da Tarde (17h00)<\/i><\/span>     <span style=\"font-size: xx-small\"><br \/>Hindi Zahra <br \/>Mayra Andrade <br \/><u>* bilhetes entre \u20ac12,50 e \u20ac25,00<\/u><\/span>   <span style=\"font-size: xx-small\"><br \/><i>Sess\u00e3o da Noite (21h00)<\/i><\/span>     <span style=\"font-size: xx-small\"><br \/>Piers Faccini <br \/>Lloyd Cole Small Ensemble <br \/><u>* bilhetes entre \u20ac20,00 e \u20ac30,00<\/u><\/span><\/div>\n<div style=\"font-family: Arial,Helvetica,sans-serif\">&nbsp; <span style=\"font-size: xx-small\"><u><\/u><b><i>&nbsp;<\/i><\/b><\/span><\/div>\n<div style=\"font-family: Arial,Helvetica,sans-serif\"><span style=\"font-size: xx-small\"><b><i>Palco Optimus Discos<\/i>  <\/b><\/span>  <span style=\"font-size: xx-small\"><br \/><i>Sess\u00e3o da Tarde (17h30) <br \/><\/i>  Emmy Curl <\/span>  <span style=\"font-size: xx-small\"><br \/>Frankie Chavez <br \/><u>* bilhetes para os dois concertos a \u20ac5,00<\/u><\/span>   <span style=\"font-size: xx-small\"><\/span><\/div>\n<div style=\"font-family: Arial,Helvetica,sans-serif\"><span style=\"font-size: xx-small\"><br \/><i>Sess\u00e3o da Noite (21h30)<\/i><\/span>     <span style=\"font-size: xx-small\"><br \/>Minta <br \/>Noiserv <br \/><u>* bilhetes para os dois concertos a \u20ac5,00<\/u><\/span>  <\/div>","protected":false},"excerpt":{"rendered":"<p>J\u00e1 est\u00e1 encerrado o cartaz da primeira edi\u00e7\u00e3o do festival Sintra Misty, que se realiza entre 15 e 17 de Outubro no Centro Cultural Orquestra Cadaval, em Sintra. Entre os nomes grandes do evento est\u00e3o Mark Kozelek, Lloyd Cole, Joan As Police Woman e Piers Faccini. O festival vai contar com dois espa\u00e7os de concertos:<\/p>","protected":false},"author":1,"featured_media":0,"comment_status":"open","ping_status":"open","sticky":false,"template":"","format":"standard","meta":[],"categories":[1],"tags":[],"_links":{"self":[{"href":"https:\/\/www.ecletismomusical.pt\/en\/wp-json\/wp\/v2\/posts\/508"}],"collection":[{"href":"https:\/\/www.ecletismomusical.pt\/en\/wp-json\/wp\/v2\/posts"}],"about":[{"href":"https:\/\/www.ecletismomusical.pt\/en\/wp-json\/wp\/v2\/types\/post"}],"author":[{"embeddable":true,"href":"https:\/\/www.ecletismomusical.pt\/en\/wp-json\/wp\/v2\/users\/1"}],"replies":[{"embeddable":true,"href":"https:\/\/www.ecletismomusical.pt\/en\/wp-json\/wp\/v2\/comments?post=508"}],"version-history":[{"count":0,"href":"https:\/\/www.ecletismomusical.pt\/en\/wp-json\/wp\/v2\/posts\/508\/revisions"}],"wp:attachment":[{"href":"https:\/\/www.ecletismomusical.pt\/en\/wp-json\/wp\/v2\/media?parent=508"}],"wp:term":[{"taxonomy":"category","embeddable":true,"href":"https:\/\/www.ecletismomusical.pt\/en\/wp-json\/wp\/v2\/categories?post=508"},{"taxonomy":"post_tag","embeddable":true,"href":"https:\/\/www.ecletismomusical.pt\/en\/wp-json\/wp\/v2\/tags?post=508"}],"curies":[{"name":"wp","href":"https:\/\/api.w.org\/{rel}","templated":true}]}}