{"id":510,"date":"2010-08-31T11:16:00","date_gmt":"2010-08-31T11:16:00","guid":{"rendered":"https:\/\/ecletismomusical.pt\/rigoletto-a-mantova-em-directo\/"},"modified":"2010-08-31T11:16:00","modified_gmt":"2010-08-31T11:16:00","slug":"rigoletto-a-mantova-em-directo","status":"publish","type":"post","link":"https:\/\/www.ecletismomusical.pt\/en\/rigoletto-a-mantova-em-directo\/","title":{"rendered":"Rigoletto a Mantova em Directo"},"content":{"rendered":"<div style=\"clear: both;text-align: center\"><a href=\"http:\/\/www.cinetivu.com\/wp-content\/uploads\/2010\/07\/Rigoletto-a-Mantova.jpg\" style=\"clear: left;float: left;margin-bottom: 1em;margin-right: 1em\"><img height=\"175\" src=\"http:\/\/www.cinetivu.com\/wp-content\/uploads\/2010\/07\/Rigoletto-a-Mantova.jpg\" width=\"320\" \/><\/a><\/div>\n<p><\/p>\n<div style=\"font-family: Arial,Helvetica,sans-serif;text-align: justify\"><\/div>\n<div style=\"text-align: justify\">\n<p><span style=\"font-family: Arial,Helvetica,sans-serif\">A 4 e 5 de Setembro a Raiuno ir\u00e1 transmitir para todo o  mundo (138 pa\u00edses no total),a <b>\u00d3pera  Rigoletto<\/b>, um espect\u00e1culo que funde  \u00f3pera com cinema e televis\u00e3o. Em Portugal, ser\u00e1 poss\u00edvel assistir ao espect\u00e1culo atrav\u00e9s da <b>RTP2<\/b>. A primeira parte ser\u00e1 transmitida \u00e0s <b>19h30m do pr\u00f3ximo s\u00e1bado, dia 4 de Setembro<\/b>, sendo a segunda e terceira partes respectivamente \u00e0s <b>13h e \u00e0s 22h15m, do pr\u00f3ximo domingo, dia 5 de Setembro.<\/b> Destaque para a estreia de <b>Placido Domingo<\/b> como protagonista.<\/span><\/div>\n<div style=\"text-align: justify\"><\/div>","protected":false},"excerpt":{"rendered":"<p>A 4 e 5 de Setembro a Raiuno ir\u00e1 transmitir para todo o mundo (138 pa\u00edses no total),a \u00d3pera Rigoletto, um espect\u00e1culo que funde \u00f3pera com cinema e televis\u00e3o. Em Portugal, ser\u00e1 poss\u00edvel assistir ao espect\u00e1culo atrav\u00e9s da RTP2. A primeira parte ser\u00e1 transmitida \u00e0s 19h30m do pr\u00f3ximo s\u00e1bado, dia 4 de Setembro, sendo a<\/p>","protected":false},"author":1,"featured_media":0,"comment_status":"open","ping_status":"open","sticky":false,"template":"","format":"standard","meta":[],"categories":[1],"tags":[],"_links":{"self":[{"href":"https:\/\/www.ecletismomusical.pt\/en\/wp-json\/wp\/v2\/posts\/510"}],"collection":[{"href":"https:\/\/www.ecletismomusical.pt\/en\/wp-json\/wp\/v2\/posts"}],"about":[{"href":"https:\/\/www.ecletismomusical.pt\/en\/wp-json\/wp\/v2\/types\/post"}],"author":[{"embeddable":true,"href":"https:\/\/www.ecletismomusical.pt\/en\/wp-json\/wp\/v2\/users\/1"}],"replies":[{"embeddable":true,"href":"https:\/\/www.ecletismomusical.pt\/en\/wp-json\/wp\/v2\/comments?post=510"}],"version-history":[{"count":0,"href":"https:\/\/www.ecletismomusical.pt\/en\/wp-json\/wp\/v2\/posts\/510\/revisions"}],"wp:attachment":[{"href":"https:\/\/www.ecletismomusical.pt\/en\/wp-json\/wp\/v2\/media?parent=510"}],"wp:term":[{"taxonomy":"category","embeddable":true,"href":"https:\/\/www.ecletismomusical.pt\/en\/wp-json\/wp\/v2\/categories?post=510"},{"taxonomy":"post_tag","embeddable":true,"href":"https:\/\/www.ecletismomusical.pt\/en\/wp-json\/wp\/v2\/tags?post=510"}],"curies":[{"name":"wp","href":"https:\/\/api.w.org\/{rel}","templated":true}]}}