{"id":5102,"date":"2020-03-17T17:34:13","date_gmt":"2020-03-17T17:34:13","guid":{"rendered":"https:\/\/www.ecletismomusical.pt\/?p=5102"},"modified":"2020-03-17T17:34:27","modified_gmt":"2020-03-17T17:34:27","slug":"28-11-1950-17-03-2020-pedro-barroso","status":"publish","type":"post","link":"https:\/\/www.ecletismomusical.pt\/en\/28-11-1950-17-03-2020-pedro-barroso\/","title":{"rendered":"[28\/11\/1950 &#8211; 17\/03\/2020] Pedro Barroso"},"content":{"rendered":"<p><strong>Faleceu hoje, depois de uma longa e conturbada luta contra o Cancro, o \u00daltimo Grande Trovador.\u00a0<\/strong><\/p>\n\n\n\n<p>Como o Ecletismo Musical escreveu em 2011, porque as grandes homenagens se fazem em vida, a Entrevista ficar\u00e1 para sempre (<a href=\"https:\/\/www.ecletismomusical.pt\/en\/entrevista-pedro-barroso\/\"><strong>Entrevista com Pedro Barroso para recordar aqui<\/strong><\/a>), tal como todo o seu legado musical, liter\u00e1rio e cultural.<\/p>\n\n\n\n<div class=\"wp-block-embed__wrapper\">\n<iframe width=\"900\" height=\"506\" src=\"https:\/\/www.youtube.com\/embed\/IOao1m-_utI?feature=oembed\" frameborder=\"0\" allowfullscreen><\/iframe>\n<\/div>Gravado em Dezembro de 2019\n\n\n\n<p>A obra \u00e9 vast\u00edssima. Descubram-na. N\u00e3o se fiquem por uma outra conota\u00e7\u00e3o pol\u00edtica. A Interven\u00e7\u00e3o faz-se de muitas formas.<\/p>\n\n\n\n<p>Tal como na altura se escreveu:<\/p>\n\n\n\n<p>&#8220;<\/p>\n\n\n\n<p><em> Porque os Grandes Tributos se fazem em Vida, o\u00a0<strong>Eclectismo Musical<\/strong>\u00a0presta homenagem a\u00a0<a href=\"http:\/\/www.pedrobarroso.com\/\"><strong>Pedro Barroso<\/strong><\/a>, um dos maiores Autores portugueses, com uma entrevista muito especial. <\/em><\/p>\n\n\n\n<p><em>Trovador de excel\u00eancia, com mais de 40 anos de carreira, sempre com um esp\u00edrito interventivo, acutilante e possuidor de uma mordaz ironia, a sua vida corre na tranquilidade de Riachos (Ribatejo), mas sem nunca deixar de ser um atento observador de tudo o que se passa nos nossos tempos.\u00a0<\/em><\/p>\n\n\n\n<p><em>Professor, fisioterapeuta, escritor, poeta, pintor, artista pl\u00e1stico, M\u00fasico, numa palavra,\u00a0<strong>Iluminado<\/strong>. Sem meias palavras, sempre sem medo de dizer o que pensa,\u00a0<strong>Pedro Barroso<\/strong>\u00a0respondeu, com a frontalidade de sempre, \u00e0s quest\u00f5es colocadas pelo\u00a0<strong>Eclectismo Musical.<\/strong>\u00a0<\/em><\/p>\n\n\n\n<p><em>Ainda que tendo a consci\u00eancia de n\u00e3o ser este um nome conhecido da maioria dos seus leitores, o\u00a0<strong>Eclectismo Musical<\/strong>\u00a0considerou que a\u00a0<strong>Obra e o Homem<\/strong>, justificavam cabalmente este momento que, esperamos, sirva tamb\u00e9m precisamente para mais pessoas procurarem conhecer a extraordin\u00e1ria Obra deste grande Senhor da Arte em Portugal. &#8220;<\/em><\/p>\n\n\n\n<p>At\u00e9 Sempre, Pedro, foi um enorme prazer.<\/p>\n\n\n\n<div class=\"wp-block-embed__wrapper\">\n<iframe width=\"900\" height=\"675\" src=\"https:\/\/www.youtube.com\/embed\/oTipo7y-pC8?feature=oembed\" frameborder=\"0\" allowfullscreen><\/iframe>\n<\/div>\n\n\n\n<p>Um bom resumo do parte do seu legado:<\/p>\n\n\n\n<div class=\"wp-block-embed__wrapper\">\n<iframe width=\"300\" height=\"380\" frameborder=\"0\" src=\"https:\/\/open.spotify.com\/embed\/album\/6HIp2xeotvyuZTqqzMGhv7\"><\/iframe>\n<\/div>","protected":false},"excerpt":{"rendered":"<p>Como o Ecletismo Musical escreveu em 2011, porque as grandes homenagens se fazem em vida, a Entrevista ficar\u00e1 para sempre (Entrevista com Pedro Barroso para recordar aqui), tal como todo o seu legado musical, liter\u00e1rio e cultural. A obra \u00e9 vast\u00edssima. Descubram-na. N\u00e3o se fiquem por uma outra conota\u00e7\u00e3o pol\u00edtica. A Interven\u00e7\u00e3o faz-se de muitas<\/p>","protected":false},"author":3,"featured_media":5107,"comment_status":"open","ping_status":"open","sticky":false,"template":"","format":"standard","meta":[],"categories":[],"tags":[52,389],"_links":{"self":[{"href":"https:\/\/www.ecletismomusical.pt\/en\/wp-json\/wp\/v2\/posts\/5102"}],"collection":[{"href":"https:\/\/www.ecletismomusical.pt\/en\/wp-json\/wp\/v2\/posts"}],"about":[{"href":"https:\/\/www.ecletismomusical.pt\/en\/wp-json\/wp\/v2\/types\/post"}],"author":[{"embeddable":true,"href":"https:\/\/www.ecletismomusical.pt\/en\/wp-json\/wp\/v2\/users\/3"}],"replies":[{"embeddable":true,"href":"https:\/\/www.ecletismomusical.pt\/en\/wp-json\/wp\/v2\/comments?post=5102"}],"version-history":[{"count":4,"href":"https:\/\/www.ecletismomusical.pt\/en\/wp-json\/wp\/v2\/posts\/5102\/revisions"}],"predecessor-version":[{"id":5110,"href":"https:\/\/www.ecletismomusical.pt\/en\/wp-json\/wp\/v2\/posts\/5102\/revisions\/5110"}],"wp:featuredmedia":[{"embeddable":true,"href":"https:\/\/www.ecletismomusical.pt\/en\/wp-json\/wp\/v2\/media\/5107"}],"wp:attachment":[{"href":"https:\/\/www.ecletismomusical.pt\/en\/wp-json\/wp\/v2\/media?parent=5102"}],"wp:term":[{"taxonomy":"category","embeddable":true,"href":"https:\/\/www.ecletismomusical.pt\/en\/wp-json\/wp\/v2\/categories?post=5102"},{"taxonomy":"post_tag","embeddable":true,"href":"https:\/\/www.ecletismomusical.pt\/en\/wp-json\/wp\/v2\/tags?post=5102"}],"curies":[{"name":"wp","href":"https:\/\/api.w.org\/{rel}","templated":true}]}}