{"id":519,"date":"2010-08-06T09:49:00","date_gmt":"2010-08-06T09:49:00","guid":{"rendered":"https:\/\/ecletismomusical.pt\/cristina-branco-o-concerto-da-praca-do-municipio-na-integra\/"},"modified":"2010-08-06T09:49:00","modified_gmt":"2010-08-06T09:49:00","slug":"cristina-branco-o-concerto-da-praca-do-municipio-na-integra","status":"publish","type":"post","link":"https:\/\/www.ecletismomusical.pt\/en\/cristina-branco-o-concerto-da-praca-do-municipio-na-integra\/","title":{"rendered":"Cristina Branco &#8211; O Concerto da Pra\u00e7a do Munic\u00edpio (na \u00edntegra)"},"content":{"rendered":"<p><\/p>\n<p><a href=\"http:\/\/www.youtube.com\/view_play_list?p=E0896B50A594CD2C\">Link Directo<\/a><\/p>","protected":false},"excerpt":{"rendered":"<p>Link Directo<\/p>","protected":false},"author":1,"featured_media":0,"comment_status":"open","ping_status":"open","sticky":false,"template":"","format":"standard","meta":[],"categories":[1],"tags":[],"_links":{"self":[{"href":"https:\/\/www.ecletismomusical.pt\/en\/wp-json\/wp\/v2\/posts\/519"}],"collection":[{"href":"https:\/\/www.ecletismomusical.pt\/en\/wp-json\/wp\/v2\/posts"}],"about":[{"href":"https:\/\/www.ecletismomusical.pt\/en\/wp-json\/wp\/v2\/types\/post"}],"author":[{"embeddable":true,"href":"https:\/\/www.ecletismomusical.pt\/en\/wp-json\/wp\/v2\/users\/1"}],"replies":[{"embeddable":true,"href":"https:\/\/www.ecletismomusical.pt\/en\/wp-json\/wp\/v2\/comments?post=519"}],"version-history":[{"count":0,"href":"https:\/\/www.ecletismomusical.pt\/en\/wp-json\/wp\/v2\/posts\/519\/revisions"}],"wp:attachment":[{"href":"https:\/\/www.ecletismomusical.pt\/en\/wp-json\/wp\/v2\/media?parent=519"}],"wp:term":[{"taxonomy":"category","embeddable":true,"href":"https:\/\/www.ecletismomusical.pt\/en\/wp-json\/wp\/v2\/categories?post=519"},{"taxonomy":"post_tag","embeddable":true,"href":"https:\/\/www.ecletismomusical.pt\/en\/wp-json\/wp\/v2\/tags?post=519"}],"curies":[{"name":"wp","href":"https:\/\/api.w.org\/{rel}","templated":true}]}}