{"id":520,"date":"2010-08-05T11:01:00","date_gmt":"2010-08-05T11:01:00","guid":{"rendered":"https:\/\/ecletismomusical.pt\/fanfarlo-ao-vivo-no-lux-lisboa\/"},"modified":"2010-08-05T11:01:00","modified_gmt":"2010-08-05T11:01:00","slug":"fanfarlo-ao-vivo-no-lux-lisboa","status":"publish","type":"post","link":"https:\/\/www.ecletismomusical.pt\/en\/fanfarlo-ao-vivo-no-lux-lisboa\/","title":{"rendered":"Fanfarlo ao Vivo no Lux (Lisboa)"},"content":{"rendered":"<p><a href=\"http:\/\/soundsxp.com\/artman2\/uploads\/1\/fanfarlo_1__1.JPG\" style=\"clear: left;float: left;margin-bottom: 1em;margin-right: 1em\"><img src=\"http:\/\/soundsxp.com\/artman2\/uploads\/1\/fanfarlo_1__1.JPG\" \/><\/a><\/p>\n<div style=\"font-family: Arial,Helvetica,sans-serif;text-align: justify\">\n<p>Os <a href=\"http:\/\/www.fanfarlo.com\/\">Fanfarlo<\/a> (j\u00e1 <a href=\"http:\/\/eclectismomusical.blogspot.com\/2009\/06\/fanfarloa-07223-eur.html\">aqui<\/a> and <a href=\"http:\/\/eclectismomusical.blogspot.com\/2009\/05\/vao-andar-nas-bocas-do-mundo.html\">aqui<\/a> referenciados) v\u00e3o estar no pr\u00f3ximo dia <b>7 de Setembro no Lux (20\u20ac)<\/b>, em Lisboa. Concerto a n\u00e3o perder.<\/div>\n<p><br \/><\/p>","protected":false},"excerpt":{"rendered":"<p>Os Fanfarlo (j\u00e1 aqui e aqui referenciados) v\u00e3o estar no pr\u00f3ximo dia 7 de Setembro no Lux (20\u20ac), em Lisboa. Concerto a n\u00e3o perder.<\/p>","protected":false},"author":1,"featured_media":0,"comment_status":"open","ping_status":"open","sticky":false,"template":"","format":"standard","meta":[],"categories":[1],"tags":[],"_links":{"self":[{"href":"https:\/\/www.ecletismomusical.pt\/en\/wp-json\/wp\/v2\/posts\/520"}],"collection":[{"href":"https:\/\/www.ecletismomusical.pt\/en\/wp-json\/wp\/v2\/posts"}],"about":[{"href":"https:\/\/www.ecletismomusical.pt\/en\/wp-json\/wp\/v2\/types\/post"}],"author":[{"embeddable":true,"href":"https:\/\/www.ecletismomusical.pt\/en\/wp-json\/wp\/v2\/users\/1"}],"replies":[{"embeddable":true,"href":"https:\/\/www.ecletismomusical.pt\/en\/wp-json\/wp\/v2\/comments?post=520"}],"version-history":[{"count":0,"href":"https:\/\/www.ecletismomusical.pt\/en\/wp-json\/wp\/v2\/posts\/520\/revisions"}],"wp:attachment":[{"href":"https:\/\/www.ecletismomusical.pt\/en\/wp-json\/wp\/v2\/media?parent=520"}],"wp:term":[{"taxonomy":"category","embeddable":true,"href":"https:\/\/www.ecletismomusical.pt\/en\/wp-json\/wp\/v2\/categories?post=520"},{"taxonomy":"post_tag","embeddable":true,"href":"https:\/\/www.ecletismomusical.pt\/en\/wp-json\/wp\/v2\/tags?post=520"}],"curies":[{"name":"wp","href":"https:\/\/api.w.org\/{rel}","templated":true}]}}