{"id":521,"date":"2010-08-04T10:35:00","date_gmt":"2010-08-04T10:35:00","guid":{"rendered":"https:\/\/ecletismomusical.pt\/cristina-branco-em-concerto-5-de-agosto\/"},"modified":"2010-08-04T10:35:00","modified_gmt":"2010-08-04T10:35:00","slug":"cristina-branco-em-concerto-5-de-agosto","status":"publish","type":"post","link":"https:\/\/www.ecletismomusical.pt\/en\/cristina-branco-em-concerto-5-de-agosto\/","title":{"rendered":"Cristina Branco em Concerto (5 de Agosto)"},"content":{"rendered":"<div style=\"clear: both;text-align: center\"><a href=\"http:\/\/cultura.maiadigital.pt\/agenda\/CalendarX\/eventos\/cristina-branco-400.jpg\" style=\"clear: left;float: left;margin-bottom: 1em;margin-right: 1em\"><img height=\"318\" src=\"http:\/\/cultura.maiadigital.pt\/agenda\/CalendarX\/eventos\/cristina-branco-400.jpg\" width=\"320\" \/><\/a><\/div>\n<div style=\"font-family: Arial,Helvetica,sans-serif\"><a href=\"http:\/\/www.festivaldosoceanos.com\/\">Festival dos Oceanos <\/a><\/div>\n<div style=\"font-family: Arial,Helvetica,sans-serif\">Pinturas de Luz e a Rep\u00fablica: Noites de Fado<br \/><b><a href=\"http:\/\/www.cristinabranco.com\/\">Cristina Branco<\/a><br \/>5 de Agosto | 22h00 | Pra\u00e7a do Munic\u00edpio (Lisboa)<br \/>Entrada Livre<\/b><\/div>\n<p><\/p>","protected":false},"excerpt":{"rendered":"<p>Festival dos Oceanos Pinturas de Luz e a Rep\u00fablica: Noites de FadoCristina Branco5 de Agosto | 22h00 | Pra\u00e7a do Munic\u00edpio (Lisboa)Entrada Livre<\/p>","protected":false},"author":1,"featured_media":0,"comment_status":"open","ping_status":"open","sticky":false,"template":"","format":"standard","meta":[],"categories":[1],"tags":[],"_links":{"self":[{"href":"https:\/\/www.ecletismomusical.pt\/en\/wp-json\/wp\/v2\/posts\/521"}],"collection":[{"href":"https:\/\/www.ecletismomusical.pt\/en\/wp-json\/wp\/v2\/posts"}],"about":[{"href":"https:\/\/www.ecletismomusical.pt\/en\/wp-json\/wp\/v2\/types\/post"}],"author":[{"embeddable":true,"href":"https:\/\/www.ecletismomusical.pt\/en\/wp-json\/wp\/v2\/users\/1"}],"replies":[{"embeddable":true,"href":"https:\/\/www.ecletismomusical.pt\/en\/wp-json\/wp\/v2\/comments?post=521"}],"version-history":[{"count":0,"href":"https:\/\/www.ecletismomusical.pt\/en\/wp-json\/wp\/v2\/posts\/521\/revisions"}],"wp:attachment":[{"href":"https:\/\/www.ecletismomusical.pt\/en\/wp-json\/wp\/v2\/media?parent=521"}],"wp:term":[{"taxonomy":"category","embeddable":true,"href":"https:\/\/www.ecletismomusical.pt\/en\/wp-json\/wp\/v2\/categories?post=521"},{"taxonomy":"post_tag","embeddable":true,"href":"https:\/\/www.ecletismomusical.pt\/en\/wp-json\/wp\/v2\/tags?post=521"}],"curies":[{"name":"wp","href":"https:\/\/api.w.org\/{rel}","templated":true}]}}