{"id":525,"date":"2010-07-30T10:13:00","date_gmt":"2010-07-30T10:13:00","guid":{"rendered":"https:\/\/ecletismomusical.pt\/the-innocence-mission-my-room-in-the-trees\/"},"modified":"2010-07-30T10:13:00","modified_gmt":"2010-07-30T10:13:00","slug":"the-innocence-mission-my-room-in-the-trees","status":"publish","type":"post","link":"https:\/\/www.ecletismomusical.pt\/en\/the-innocence-mission-my-room-in-the-trees\/","title":{"rendered":"The Innocence Mission &#8211; My Room In The Trees"},"content":{"rendered":"<div style=\"clear: both;text-align: center\"><a href=\"http:\/\/theinnocencemission.com\/My%20Room%20In%20The%20Trees%20web1.jpg\" style=\"clear: left;float: left;margin-bottom: 1em;margin-right: 1em\"><img src=\"http:\/\/theinnocencemission.com\/My%20Room%20In%20The%20Trees%20web1.jpg\" \/><\/a><\/div>\n<p><\/p>\n<div style=\"text-align: justify\"><span style=\"font-family: Arial,Helvetica,sans-serif\">Os <a href=\"http:\/\/theinnocencemission.com\/\"><b>Innocence Mission<\/b><\/a> lan\u00e7aram este m\u00eas &#8211; <a href=\"http:\/\/www.blogger.com\/goog_1312166981\">\u00ab<\/a><\/span><a href=\"http:\/\/theinnocencemission.com\/my%20room%20in%20the%20trees.htm\"><b style=\"font-family: Arial,Helvetica,sans-serif\">My Room In The Trees\u00bb<\/b><\/a><span style=\"font-family: Arial,Helvetica,sans-serif\"> &#8211; o seu 9\u00ba \u00e1lbum de originais, numa carreira iniciada no j\u00e1 long\u00ednquo ano de 1989. <b>Karen Peris<\/b> tem uma daquelas vozes que ou se ama ou se odeia. A voz e o estilo s\u00e3o inconfund\u00edveis,. Dream-pop doce, redondo e perfeito (ainda que em alguns dos \u00e1lbuns o tema \u00abgod\u00bb seja demasiado recorrente) est\u00e1 presente em cada momento e transforma qualquer audi\u00e7\u00e3o num delicado exerc\u00edcio de contempla\u00e7\u00e3o, reflex\u00e3o e relaxamento. \u00c9 assim um daqueles discos para ouvir:&nbsp;&nbsp;<\/span><\/div>\n<div style=\"font-family: Arial,Helvetica,sans-serif;text-align: justify\">&#8211; no Ver\u00e3o ao final da noite num qualquer terra\u00e7o a olhar o mar;&nbsp;<\/div>\n<div style=\"font-family: Arial,Helvetica,sans-serif;text-align: justify\">&#8211; No inverno, junto \u00e0 lareira e de copo na m\u00e3o..<\/div>\n<div style=\"text-align: justify\"><span style=\"font-family: Arial,Helvetica,sans-serif\">Obrigat\u00f3rio, consequentemente!<\/span><\/div>\n<p><\/p>\n<div style=\"text-align: justify\"><\/div>\n<div style=\"font-family: Arial,Helvetica,sans-serif\">MP3 Gratuito: <a href=\"http:\/\/loudfeed.s3.amazonaws.com\/assets\/21102\/02_The_Happy_Mondays.mp3\">Happy Mondays<\/a><\/div>","protected":false},"excerpt":{"rendered":"<p>Os Innocence Mission lan\u00e7aram este m\u00eas &#8211; \u00abMy Room In The Trees\u00bb &#8211; o seu 9\u00ba \u00e1lbum de originais, numa carreira iniciada no j\u00e1 long\u00ednquo ano de 1989. Karen Peris tem uma daquelas vozes que ou se ama ou se odeia. A voz e o estilo s\u00e3o inconfund\u00edveis,. Dream-pop doce, redondo e perfeito (ainda que<\/p>","protected":false},"author":1,"featured_media":0,"comment_status":"open","ping_status":"open","sticky":false,"template":"","format":"standard","meta":[],"categories":[1],"tags":[],"_links":{"self":[{"href":"https:\/\/www.ecletismomusical.pt\/en\/wp-json\/wp\/v2\/posts\/525"}],"collection":[{"href":"https:\/\/www.ecletismomusical.pt\/en\/wp-json\/wp\/v2\/posts"}],"about":[{"href":"https:\/\/www.ecletismomusical.pt\/en\/wp-json\/wp\/v2\/types\/post"}],"author":[{"embeddable":true,"href":"https:\/\/www.ecletismomusical.pt\/en\/wp-json\/wp\/v2\/users\/1"}],"replies":[{"embeddable":true,"href":"https:\/\/www.ecletismomusical.pt\/en\/wp-json\/wp\/v2\/comments?post=525"}],"version-history":[{"count":0,"href":"https:\/\/www.ecletismomusical.pt\/en\/wp-json\/wp\/v2\/posts\/525\/revisions"}],"wp:attachment":[{"href":"https:\/\/www.ecletismomusical.pt\/en\/wp-json\/wp\/v2\/media?parent=525"}],"wp:term":[{"taxonomy":"category","embeddable":true,"href":"https:\/\/www.ecletismomusical.pt\/en\/wp-json\/wp\/v2\/categories?post=525"},{"taxonomy":"post_tag","embeddable":true,"href":"https:\/\/www.ecletismomusical.pt\/en\/wp-json\/wp\/v2\/tags?post=525"}],"curies":[{"name":"wp","href":"https:\/\/api.w.org\/{rel}","templated":true}]}}