{"id":527,"date":"2010-07-23T08:04:00","date_gmt":"2010-07-23T08:04:00","guid":{"rendered":"https:\/\/ecletismomusical.pt\/local-natives-gorilla-manor\/"},"modified":"2010-07-23T08:04:00","modified_gmt":"2010-07-23T08:04:00","slug":"local-natives-gorilla-manor","status":"publish","type":"post","link":"https:\/\/www.ecletismomusical.pt\/en\/local-natives-gorilla-manor\/","title":{"rendered":"Local Natives &#8211; Gorilla Manor"},"content":{"rendered":"<div style=\"clear: both;text-align: center\"><a href=\"http:\/\/userserve-ak.last.fm\/serve\/_\/40466355\/Local+Natives+localnatives11s.jpg\" style=\"clear: left;float: left;margin-bottom: 1em;margin-right: 1em\"><img height=\"213\" src=\"http:\/\/userserve-ak.last.fm\/serve\/_\/40466355\/Local+Natives+localnatives11s.jpg\" width=\"320\" \/><\/a><\/div>\n<div style=\"font-family: Arial,Helvetica,sans-serif;text-align: justify\">Os <a href=\"http:\/\/www.myspace.com\/localnatives\">Local Natives<\/a> s\u00e3o uma banda de L.A. que, tal como j\u00e1 por aqui se tinha comentado, mereciam a presen\u00e7a de muito p\u00fablico na 5\u00aa feira, dia 8 de Julho, pelas 17h, em pleno <b>Optimus Alive!<\/b> N\u00e3o foi naturalmente uma multid\u00e3o mas, os que estavam, vibraram bastante com um arranque de Festival da melhor forma. Com uma sonoridade entre uns <b>Arcade Fire, uns Fleet Foxes, Grizzly Bear ou Fanfarlo<\/b>, <b>\u00abGorilla Manor\u00bb<\/b> \u00e9 um \u00e1lbum muito consistente e a presta\u00e7\u00e3o em palco foi muito positiva.<\/div>\n<div style=\"font-family: Arial,Helvetica,sans-serif;text-align: justify\"><\/div>\n<div style=\"font-family: Arial,Helvetica,sans-serif;text-align: justify\">Para quem chega ao som dos <a href=\"http:\/\/www.myspace.com\/localnatives\">Local Natives<\/a> deve come\u00e7ar pelo \u00abhit instant\u00e2neo\u00bb: <b>\u00abAirplanes\u00bb<\/b>:<\/div>\n<div style=\"font-family: Arial,Helvetica,sans-serif;text-align: justify\"><\/div>\n<div style=\"font-family: Arial,Helvetica,sans-serif;text-align: justify\"><\/div>\n<div style=\"font-family: Arial,Helvetica,sans-serif;text-align: justify\">Depois, importar\u00e1 ouvir, <b>\u00abSun Hands\u00bb<\/b>:<\/div>\n<div style=\"font-family: Arial,Helvetica,sans-serif;text-align: justify\"><\/div>\n<div style=\"font-family: Arial,Helvetica,sans-serif;text-align: justify\"><\/div>\n<div style=\"font-family: Arial,Helvetica,sans-serif;text-align: justify\">Bem como <b>\u00abWorld News\u00bb<\/b>:<\/div>\n<div style=\"font-family: Arial,Helvetica,sans-serif;text-align: justify\"><\/div>\n<div style=\"font-family: Arial,Helvetica,sans-serif;text-align: justify\"><\/div>\n<div style=\"font-family: Arial,Helvetica,sans-serif;text-align: justify\">Uma banda que vale a pena explorar&#8230;<\/div>","protected":false},"excerpt":{"rendered":"<p>Os Local Natives s\u00e3o uma banda de L.A. que, tal como j\u00e1 por aqui se tinha comentado, mereciam a presen\u00e7a de muito p\u00fablico na 5\u00aa feira, dia 8 de Julho, pelas 17h, em pleno Optimus Alive! N\u00e3o foi naturalmente uma multid\u00e3o mas, os que estavam, vibraram bastante com um arranque de Festival da melhor forma.<\/p>","protected":false},"author":1,"featured_media":0,"comment_status":"open","ping_status":"open","sticky":false,"template":"","format":"standard","meta":[],"categories":[1],"tags":[],"_links":{"self":[{"href":"https:\/\/www.ecletismomusical.pt\/en\/wp-json\/wp\/v2\/posts\/527"}],"collection":[{"href":"https:\/\/www.ecletismomusical.pt\/en\/wp-json\/wp\/v2\/posts"}],"about":[{"href":"https:\/\/www.ecletismomusical.pt\/en\/wp-json\/wp\/v2\/types\/post"}],"author":[{"embeddable":true,"href":"https:\/\/www.ecletismomusical.pt\/en\/wp-json\/wp\/v2\/users\/1"}],"replies":[{"embeddable":true,"href":"https:\/\/www.ecletismomusical.pt\/en\/wp-json\/wp\/v2\/comments?post=527"}],"version-history":[{"count":0,"href":"https:\/\/www.ecletismomusical.pt\/en\/wp-json\/wp\/v2\/posts\/527\/revisions"}],"wp:attachment":[{"href":"https:\/\/www.ecletismomusical.pt\/en\/wp-json\/wp\/v2\/media?parent=527"}],"wp:term":[{"taxonomy":"category","embeddable":true,"href":"https:\/\/www.ecletismomusical.pt\/en\/wp-json\/wp\/v2\/categories?post=527"},{"taxonomy":"post_tag","embeddable":true,"href":"https:\/\/www.ecletismomusical.pt\/en\/wp-json\/wp\/v2\/tags?post=527"}],"curies":[{"name":"wp","href":"https:\/\/api.w.org\/{rel}","templated":true}]}}