{"id":529,"date":"2010-07-21T08:00:00","date_gmt":"2010-07-21T08:00:00","guid":{"rendered":"https:\/\/ecletismomusical.pt\/canal-do-em-no-youtube-no-top-100-mundial\/"},"modified":"2010-07-21T08:00:00","modified_gmt":"2010-07-21T08:00:00","slug":"canal-do-em-no-youtube-no-top-100-mundial","status":"publish","type":"post","link":"https:\/\/www.ecletismomusical.pt\/en\/canal-do-em-no-youtube-no-top-100-mundial\/","title":{"rendered":"Canal do EM no Youtube no Top 100 mundial!"},"content":{"rendered":"<div style=\"clear: both;text-align: center\"><a href=\"http:\/\/3.bp.blogspot.com\/_D55cn-YT1LU\/TEZxhekl7EI\/AAAAAAAAAF0\/3UxLqoH2YD4\/s1600\/most.jpg\" style=\"clear: left;float: left;margin-bottom: 1em;margin-right: 1em\"><img src=\"http:\/\/3.bp.blogspot.com\/_D55cn-YT1LU\/TEZxhekl7EI\/AAAAAAAAAF0\/3UxLqoH2YD4\/s320\/most.jpg\" \/><\/a><\/div>\n<p><\/p>\n<div style=\"font-family: Arial,Helvetica,sans-serif;text-align: justify\">O Canal do <a href=\"http:\/\/www.youtube.com\/user\/EclectismoM\"><b>Eclectismo Musical no Youtube<\/b><\/a> alcan\u00e7ou hoje mais um marco hist\u00f3rico figurando no <b>top 100<\/b> dos canais com o maior n\u00famero de visualiza\u00e7\u00f5es <b>a n\u00edvel global<\/b> e no <b>top 10<\/b> dos canais dedicados \u00e0 m\u00fasica! Com v\u00eddeos utilizados por \u00f3rg\u00e3os de informa\u00e7\u00e3o tradicionais&nbsp; como o espanhol \u00abEl Mundo\u00bb; jornal P\u00fablico ou Revista Blitz e disseminado um pouco por todas as principais redes sociais, <b>o Eclectismo Musical&nbsp; no Youtube est\u00e1 prestes a alcan\u00e7ar as 600 Mil Visualiza\u00e7\u00f5es!<\/b><\/div>","protected":false},"excerpt":{"rendered":"<p>O Canal do Eclectismo Musical no Youtube alcan\u00e7ou hoje mais um marco hist\u00f3rico figurando no top 100 dos canais com o maior n\u00famero de visualiza\u00e7\u00f5es a n\u00edvel global e no top 10 dos canais dedicados \u00e0 m\u00fasica! Com v\u00eddeos utilizados por \u00f3rg\u00e3os de informa\u00e7\u00e3o tradicionais&nbsp; como o espanhol \u00abEl Mundo\u00bb; jornal P\u00fablico ou Revista Blitz<\/p>","protected":false},"author":1,"featured_media":0,"comment_status":"open","ping_status":"open","sticky":false,"template":"","format":"standard","meta":[],"categories":[1],"tags":[],"_links":{"self":[{"href":"https:\/\/www.ecletismomusical.pt\/en\/wp-json\/wp\/v2\/posts\/529"}],"collection":[{"href":"https:\/\/www.ecletismomusical.pt\/en\/wp-json\/wp\/v2\/posts"}],"about":[{"href":"https:\/\/www.ecletismomusical.pt\/en\/wp-json\/wp\/v2\/types\/post"}],"author":[{"embeddable":true,"href":"https:\/\/www.ecletismomusical.pt\/en\/wp-json\/wp\/v2\/users\/1"}],"replies":[{"embeddable":true,"href":"https:\/\/www.ecletismomusical.pt\/en\/wp-json\/wp\/v2\/comments?post=529"}],"version-history":[{"count":0,"href":"https:\/\/www.ecletismomusical.pt\/en\/wp-json\/wp\/v2\/posts\/529\/revisions"}],"wp:attachment":[{"href":"https:\/\/www.ecletismomusical.pt\/en\/wp-json\/wp\/v2\/media?parent=529"}],"wp:term":[{"taxonomy":"category","embeddable":true,"href":"https:\/\/www.ecletismomusical.pt\/en\/wp-json\/wp\/v2\/categories?post=529"},{"taxonomy":"post_tag","embeddable":true,"href":"https:\/\/www.ecletismomusical.pt\/en\/wp-json\/wp\/v2\/tags?post=529"}],"curies":[{"name":"wp","href":"https:\/\/api.w.org\/{rel}","templated":true}]}}