{"id":5341,"date":"2020-06-18T12:46:13","date_gmt":"2020-06-18T11:46:13","guid":{"rendered":"https:\/\/www.ecletismomusical.pt\/?p=5341"},"modified":"2020-06-18T12:46:49","modified_gmt":"2020-06-18T11:46:49","slug":"worth-listening-to-mariana-froes-ft-phill-veras-a-porta","status":"publish","type":"post","link":"https:\/\/www.ecletismomusical.pt\/en\/worth-listening-to-mariana-froes-ft-phill-veras-a-porta\/","title":{"rendered":"[Worth Listening To] Mariana Froes ft. Phill Veras &#8211; A Porta"},"content":{"rendered":"<div class=\"wp-block-embed__wrapper\">\n<iframe width=\"900\" height=\"506\" src=\"https:\/\/www.youtube.com\/embed\/eCmhD2TCDNA?feature=oembed\" frameborder=\"0\" allowfullscreen><\/iframe>\n<\/div>\n\n\n\n<p>Dois dos mais interessantes nomes da nova m\u00fasica brasileira, o fen\u00f3meno Mariana Froes e o talentoso Phill Veras, juntos em &#8220;A Porta&#8221;. Obrigat\u00f3rio!<\/p>","protected":false},"excerpt":{"rendered":"<p>Dois dos mais interessantes nomes da nova m\u00fasica brasileira, o fen\u00f3meno Mariana Froes e o talentoso Phill Veras, juntos em &#8220;A Porta&#8221;. Obrigat\u00f3rio!<\/p>","protected":false},"author":3,"featured_media":5342,"comment_status":"open","ping_status":"open","sticky":false,"template":"","format":"video","meta":[],"categories":[30],"tags":[404],"_links":{"self":[{"href":"https:\/\/www.ecletismomusical.pt\/en\/wp-json\/wp\/v2\/posts\/5341"}],"collection":[{"href":"https:\/\/www.ecletismomusical.pt\/en\/wp-json\/wp\/v2\/posts"}],"about":[{"href":"https:\/\/www.ecletismomusical.pt\/en\/wp-json\/wp\/v2\/types\/post"}],"author":[{"embeddable":true,"href":"https:\/\/www.ecletismomusical.pt\/en\/wp-json\/wp\/v2\/users\/3"}],"replies":[{"embeddable":true,"href":"https:\/\/www.ecletismomusical.pt\/en\/wp-json\/wp\/v2\/comments?post=5341"}],"version-history":[{"count":1,"href":"https:\/\/www.ecletismomusical.pt\/en\/wp-json\/wp\/v2\/posts\/5341\/revisions"}],"predecessor-version":[{"id":5343,"href":"https:\/\/www.ecletismomusical.pt\/en\/wp-json\/wp\/v2\/posts\/5341\/revisions\/5343"}],"wp:featuredmedia":[{"embeddable":true,"href":"https:\/\/www.ecletismomusical.pt\/en\/wp-json\/wp\/v2\/media\/5342"}],"wp:attachment":[{"href":"https:\/\/www.ecletismomusical.pt\/en\/wp-json\/wp\/v2\/media?parent=5341"}],"wp:term":[{"taxonomy":"category","embeddable":true,"href":"https:\/\/www.ecletismomusical.pt\/en\/wp-json\/wp\/v2\/categories?post=5341"},{"taxonomy":"post_tag","embeddable":true,"href":"https:\/\/www.ecletismomusical.pt\/en\/wp-json\/wp\/v2\/tags?post=5341"}],"curies":[{"name":"wp","href":"https:\/\/api.w.org\/{rel}","templated":true}]}}