{"id":536,"date":"2010-07-07T23:17:00","date_gmt":"2010-07-07T23:17:00","guid":{"rendered":"https:\/\/ecletismomusical.pt\/festival-optimus-alive10-palco-optimus-dia-8-julho\/"},"modified":"2010-07-07T23:17:00","modified_gmt":"2010-07-07T23:17:00","slug":"festival-optimus-alive10-palco-optimus-dia-8-julho","status":"publish","type":"post","link":"https:\/\/www.ecletismomusical.pt\/en\/festival-optimus-alive10-palco-optimus-dia-8-julho\/","title":{"rendered":"Festival Optimus Alive!10: Palco Optimus &#8211; Dia 8 Julho"},"content":{"rendered":"<div style=\"clear: both;text-align: center\"><a href=\"http:\/\/ae.fe.up.pt\/~radio\/images\/stories\/geral\/alive_10.jpg\" style=\"clear: left;float: left;margin-bottom: 1em;margin-right: 1em\"><img src=\"http:\/\/ae.fe.up.pt\/~radio\/images\/stories\/geral\/alive_10.jpg\" \/><\/a><\/div>\n<div style=\"font-family: Arial,Helvetica,sans-serif;text-align: justify\">\n<p><\/p>\n<div style=\"font-family: Arial,Helvetica,sans-serif;text-align: justify\"><\/div>\n<div style=\"font-family: Arial,Helvetica,sans-serif;text-align: justify\">O <a href=\"http:\/\/www.optimusalive.com\/musica\/palcosuperbock\">Palco Optimus<\/a> do <a href=\"http:\/\/www.optimusalive.com\/\"><b>Festival Optimus Alive!10<\/b><\/a> vai ser certamente, no dia 8 de Julho, um local muito concorrido para todos quantos cresceram ao som de <b>Alice In Chains e Faith no More.<\/b><\/div>\n<\/div>\n<div style=\"font-family: Arial,Helvetica,sans-serif;text-align: justify\"><\/p>\n<div style=\"clear: both\"><\/div>\n<div style=\"clear: both\"><a href=\"http:\/\/www.optimusalive.com\/system\/application\/backend\/views\/templates\/uploads\/header\/header_site_pj.jpg\" style=\"clear: left;float: left;margin-bottom: 1em;margin-right: 1em\"><img height=\"96\" src=\"http:\/\/www.optimusalive.com\/system\/application\/backend\/views\/templates\/uploads\/header\/header_site_pj.jpg\" width=\"400\" \/><\/a><\/div>\n<\/div>\n<div style=\"font-family: Arial,Helvetica,sans-serif;text-align: justify\"><\/div>\n<div style=\"font-family: Arial,Helvetica,sans-serif;text-align: justify\"><\/div>\n<div style=\"font-family: Arial,Helvetica,sans-serif;text-align: justify\"><\/div>\n<div style=\"font-family: Arial,Helvetica,sans-serif;text-align: justify\"><\/div>\n<div style=\"font-family: Arial,Helvetica,sans-serif;text-align: justify\"><\/div>\n<div style=\"font-family: Arial,Helvetica,sans-serif;text-align: justify\"><\/div>\n<div style=\"font-family: Arial,Helvetica,sans-serif;text-align: justify\"><b><span style=\"font-size: small\"><br \/><\/span><\/b><\/div>\n<div style=\"font-family: Arial,Helvetica,sans-serif;text-align: justify\"><b><span style=\"font-size: small\">Hora de actua\u00e7\u00e3o: 18:30 &#8211; <a href=\"http:\/\/www.biffyclyro.com\/\">Biffy Clyro<\/a><\/span><\/b><\/div>\n<div style=\"font-family: Arial,Helvetica,sans-serif;text-align: justify\"><\/div>\n<div style=\"font-family: Arial,Helvetica,sans-serif;text-align: justify\">Depois de assegurarem a primeira parte do memor\u00e1vel concerto dos <b>Muse<\/b> no Pavilh\u00e3o Atl\u00e2ntico, os escoceses <a href=\"http:\/\/www.biffyclyro.com\/\">Biffy Clyro<\/a> abrir\u00e3o o palco principal do Optimus Alive com o seu heavy-rock mel\u00f3dico. <\/div>\n<div style=\"font-family: Arial,Helvetica,sans-serif;text-align: justify\"><\/div>\n<div style=\"font-family: Arial,Helvetica,sans-serif;text-align: justify\"><\/div>\n<div style=\"font-family: Arial,Helvetica,sans-serif;text-align: justify\"><b>Hora de actua\u00e7\u00e3o: 19:50 &#8211; <a href=\"http:\/\/www.moonspell.com\/\">Moonspell<\/a><\/b><\/div>\n<div style=\"font-family: Arial,Helvetica,sans-serif;text-align: justify\"><\/div>\n<div style=\"font-family: Arial,Helvetica,sans-serif;text-align: justify\">Ser\u00e1 o momento de consagra\u00e7\u00e3o e de pr\u00e9mio para o excelente trabalho que os portugueses Moonspell t\u00eam feito pelos palcos do mundo metaleiro.<\/div>\n<div style=\"font-family: Arial,Helvetica,sans-serif;text-align: justify\"><\/div>\n<div style=\"font-family: Arial,Helvetica,sans-serif;text-align: justify\"><b><br \/><\/b><\/div>\n<div style=\"font-family: Arial,Helvetica,sans-serif;text-align: justify\"><b>Hora de actua\u00e7\u00e3o: 21:10 &#8211; <a href=\"http:\/\/www.blogger.com\/www.aliceinchains.com\">Alice in Chains<\/a><\/b><\/div>\n<div style=\"font-family: Arial,Helvetica,sans-serif;text-align: justify\"><\/div>\n<div style=\"font-family: Arial,Helvetica,sans-serif;text-align: justify\">Dispensam apresenta\u00e7\u00f5es, s\u00e3o um dos regressos mais aguardados. O Grunge continua vivo&#8230;<\/div>\n<div style=\"font-family: Arial,Helvetica,sans-serif;text-align: justify\"><\/div>\n<div style=\"font-family: Arial,Helvetica,sans-serif;text-align: justify\"><b><br \/><\/b><\/div>\n<div style=\"font-family: Arial,Helvetica,sans-serif;text-align: justify\"><b>Hora de actua\u00e7\u00e3o: 22:50 &#8211; <a href=\"http:\/\/www.kasabian.co.uk\/\">Kasabian<\/a><\/b><\/div>\n<div style=\"font-family: Arial,Helvetica,sans-serif;text-align: justify\"><\/div>\n<div style=\"font-family: Arial,Helvetica,sans-serif;text-align: justify\">&#8220;West Ryder Pauper Lunatic Asylum&#8221;, \u00e1lbum de 2009, entrou, tal como havia acontecido com &#8220;Empire&#8221;, o seu melhor \u00e1lbum, directamente para o primeiro lugar do top brit\u00e2nico. S\u00e3o uma das novas bandas com protagonismo e em ascens\u00e3o e t\u00eam um conjunto de grandes can\u00e7\u00f5es.<\/div>\n<div style=\"font-family: Arial,Helvetica,sans-serif;text-align: justify\"><\/div>\n<div style=\"font-family: Arial,Helvetica,sans-serif;text-align: justify\"><\/div>\n<div style=\"font-family: Arial,Helvetica,sans-serif;text-align: justify\"><b>Hora de actua\u00e7\u00e3o: 00:30 &#8211; <a href=\"http:\/\/www.fnm.com\/\">Faith No More<\/a><\/b><\/div>\n<div style=\"font-family: Arial,Helvetica,sans-serif;text-align: justify\"><\/div>\n<div style=\"font-family: Arial,Helvetica,sans-serif;text-align: justify\">Uma legi\u00e3o de fans, um Mike Patton em grande forte, um conjunto de hinos de uma gera\u00e7\u00e3o, um regresso em for\u00e7a a Lisboa, depois de um brilhante concerto o ano passado no Festival Sudoeste, uma enorme expectativa para o concerto de fecho do palco principal no Primeiro dia da edi\u00e7\u00e3o 2010 do Festival Alive.<\/div>\n<p><\/p>","protected":false},"excerpt":{"rendered":"<p>O Palco Optimus do Festival Optimus Alive!10 vai ser certamente, no dia 8 de Julho, um local muito concorrido para todos quantos cresceram ao som de Alice In Chains e Faith no More. Hora de actua\u00e7\u00e3o: 18:30 &#8211; Biffy Clyro Depois de assegurarem a primeira parte do memor\u00e1vel concerto dos Muse no Pavilh\u00e3o Atl\u00e2ntico, os<\/p>","protected":false},"author":1,"featured_media":0,"comment_status":"open","ping_status":"open","sticky":false,"template":"","format":"standard","meta":[],"categories":[1],"tags":[],"_links":{"self":[{"href":"https:\/\/www.ecletismomusical.pt\/en\/wp-json\/wp\/v2\/posts\/536"}],"collection":[{"href":"https:\/\/www.ecletismomusical.pt\/en\/wp-json\/wp\/v2\/posts"}],"about":[{"href":"https:\/\/www.ecletismomusical.pt\/en\/wp-json\/wp\/v2\/types\/post"}],"author":[{"embeddable":true,"href":"https:\/\/www.ecletismomusical.pt\/en\/wp-json\/wp\/v2\/users\/1"}],"replies":[{"embeddable":true,"href":"https:\/\/www.ecletismomusical.pt\/en\/wp-json\/wp\/v2\/comments?post=536"}],"version-history":[{"count":0,"href":"https:\/\/www.ecletismomusical.pt\/en\/wp-json\/wp\/v2\/posts\/536\/revisions"}],"wp:attachment":[{"href":"https:\/\/www.ecletismomusical.pt\/en\/wp-json\/wp\/v2\/media?parent=536"}],"wp:term":[{"taxonomy":"category","embeddable":true,"href":"https:\/\/www.ecletismomusical.pt\/en\/wp-json\/wp\/v2\/categories?post=536"},{"taxonomy":"post_tag","embeddable":true,"href":"https:\/\/www.ecletismomusical.pt\/en\/wp-json\/wp\/v2\/tags?post=536"}],"curies":[{"name":"wp","href":"https:\/\/api.w.org\/{rel}","templated":true}]}}