{"id":538,"date":"2010-07-04T14:27:00","date_gmt":"2010-07-04T14:27:00","guid":{"rendered":"https:\/\/ecletismomusical.pt\/noiserv-concerto-5-de-julho-em-lisboa\/"},"modified":"2010-07-04T14:27:00","modified_gmt":"2010-07-04T14:27:00","slug":"noiserv-concerto-5-de-julho-em-lisboa","status":"publish","type":"post","link":"https:\/\/www.ecletismomusical.pt\/en\/noiserv-concerto-5-de-julho-em-lisboa\/","title":{"rendered":"Noiserv &#8211; Concerto 5 de Julho, em Lisboa"},"content":{"rendered":"<div style=\"clear: both;text-align: center\"><a href=\"http:\/\/3.bp.blogspot.com\/_c2Cu067mvHM\/SUbSHkVQAVI\/AAAAAAAAAiU\/rcgxasH9WZY\/s1600\/noiserv.jpg\" style=\"clear: left;float: left;margin-bottom: 1em;margin-right: 1em\"><img src=\"http:\/\/3.bp.blogspot.com\/_c2Cu067mvHM\/SUbSHkVQAVI\/AAAAAAAAAiU\/rcgxasH9WZY\/s320\/noiserv.jpg\" \/><\/a><\/div>\n<p><\/p>\n<div style=\"font-family: Arial,Helvetica,sans-serif;text-align: justify\"><a href=\"http:\/\/www.myspace.com\/noiserv\">Noiserv<\/a> aka David Santos em concerto no Teatro A Barraca, em Santos, <b>amanh\u00e3, dia 5 de Julho pelas 21h30m<\/b>. Obrigat\u00f3rio!<\/div>\n<div style=\"font-family: Arial,Helvetica,sans-serif;text-align: justify\"><\/div>\n<div style=\"font-family: Arial,Helvetica,sans-serif;text-align: justify\">Este Concerto servir\u00e1 para apresentar o novo EP intitulado <b>&#8220;A day in the day of the days&#8221;<\/b> e do qual j\u00e1 se podem ouvir m\u00fasicas novas no <a href=\"http:\/\/www.myspace.com\/noiserv\">myspace<\/a> oficial do m\u00fasico.<\/div>\n<div style=\"font-family: Arial,Helvetica,sans-serif;text-align: justify\"><\/div>\n<p><\/p>","protected":false},"excerpt":{"rendered":"<p>Noiserv aka David Santos em concerto no Teatro A Barraca, em Santos, amanh\u00e3, dia 5 de Julho pelas 21h30m. Obrigat\u00f3rio! Este Concerto servir\u00e1 para apresentar o novo EP intitulado &#8220;A day in the day of the days&#8221; e do qual j\u00e1 se podem ouvir m\u00fasicas novas no myspace oficial do m\u00fasico.<\/p>","protected":false},"author":1,"featured_media":0,"comment_status":"open","ping_status":"open","sticky":false,"template":"","format":"standard","meta":[],"categories":[1],"tags":[],"_links":{"self":[{"href":"https:\/\/www.ecletismomusical.pt\/en\/wp-json\/wp\/v2\/posts\/538"}],"collection":[{"href":"https:\/\/www.ecletismomusical.pt\/en\/wp-json\/wp\/v2\/posts"}],"about":[{"href":"https:\/\/www.ecletismomusical.pt\/en\/wp-json\/wp\/v2\/types\/post"}],"author":[{"embeddable":true,"href":"https:\/\/www.ecletismomusical.pt\/en\/wp-json\/wp\/v2\/users\/1"}],"replies":[{"embeddable":true,"href":"https:\/\/www.ecletismomusical.pt\/en\/wp-json\/wp\/v2\/comments?post=538"}],"version-history":[{"count":0,"href":"https:\/\/www.ecletismomusical.pt\/en\/wp-json\/wp\/v2\/posts\/538\/revisions"}],"wp:attachment":[{"href":"https:\/\/www.ecletismomusical.pt\/en\/wp-json\/wp\/v2\/media?parent=538"}],"wp:term":[{"taxonomy":"category","embeddable":true,"href":"https:\/\/www.ecletismomusical.pt\/en\/wp-json\/wp\/v2\/categories?post=538"},{"taxonomy":"post_tag","embeddable":true,"href":"https:\/\/www.ecletismomusical.pt\/en\/wp-json\/wp\/v2\/tags?post=538"}],"curies":[{"name":"wp","href":"https:\/\/api.w.org\/{rel}","templated":true}]}}