{"id":5388,"date":"2020-08-31T10:55:29","date_gmt":"2020-08-31T09:55:29","guid":{"rendered":"https:\/\/www.ecletismomusical.pt\/?p=5388"},"modified":"2020-08-31T10:55:56","modified_gmt":"2020-08-31T09:55:56","slug":"worth-listening-to-atalhos-mesmo-coracao","status":"publish","type":"post","link":"https:\/\/www.ecletismomusical.pt\/en\/worth-listening-to-atalhos-mesmo-coracao\/","title":{"rendered":"[Worth Listening To] Atalhos &#8211; Mesmo Cora\u00e7\u00e3o"},"content":{"rendered":"<div class=\"wp-block-embed__wrapper\">\n<iframe width=\"900\" height=\"675\" src=\"https:\/\/www.youtube.com\/embed\/YrWVso6kh00?feature=oembed\" frameborder=\"0\" allowfullscreen><\/iframe>\n<\/div>\n\n\n\n<p>&#8220;<em><a href=\"http:\/\/www.atalhosbanda.com\">Atalhos<\/a>, o duo paulista de indie rock, lan\u00e7a o videoclipe da can\u00e7\u00e3o autoral \u201cMesmo Cora\u00e7\u00e3o\u201d.<br><br>Formada pelo vocalista e compositor criativo Gabriel Soares e pelo guitarrista Conrado Passarelli &#8211; ambos apaixonados por literatura, a banda \u00e9 conhecida pelo p\u00fablico por suas refer\u00eancias liter\u00e1rias, como a faixa \u201cJos\u00e9, Fiquei Sem Sa\u00edda\u201d (2014), do \u00e1lbum Onde A Gente Morre, mixado por Mark Howard (Neil Young,Tom Waits), can\u00e7\u00e3o inspirada na obra de Franz Kafka.<br><br>Agora, o duo coloca de vez os p\u00e9s no dreampop com o single acompanhado de videoclipe &#8211; dirigido pelo dupla Cinza, formada por Lucas Justiniano e Jos\u00e9 Menezes, diretor que assina clipes como &#8220;Dia Lindo&#8221;, do Terno Rei; e &#8220;Calma&#8221; de Tim Bernardes. A obra audiovisual traz proje\u00e7\u00f5es de Gabriel Rolim &#8211; que j\u00e1 dirigiu clipes de artistas como Boogarins e Brvnks.<\/em>&#8220;<\/p>","protected":false},"excerpt":{"rendered":"<p>&#8220;Atalhos, o duo paulista de indie rock, lan\u00e7a o videoclipe da can\u00e7\u00e3o autoral \u201cMesmo Cora\u00e7\u00e3o\u201d. Formada pelo vocalista e compositor criativo Gabriel Soares e pelo guitarrista Conrado Passarelli &#8211; ambos apaixonados por literatura, a banda \u00e9 conhecida pelo p\u00fablico por suas refer\u00eancias liter\u00e1rias, como a faixa \u201cJos\u00e9, Fiquei Sem Sa\u00edda\u201d (2014), do \u00e1lbum Onde A<\/p>","protected":false},"author":3,"featured_media":5389,"comment_status":"open","ping_status":"open","sticky":false,"template":"","format":"video","meta":[],"categories":[30],"tags":[929,930],"_links":{"self":[{"href":"https:\/\/www.ecletismomusical.pt\/en\/wp-json\/wp\/v2\/posts\/5388"}],"collection":[{"href":"https:\/\/www.ecletismomusical.pt\/en\/wp-json\/wp\/v2\/posts"}],"about":[{"href":"https:\/\/www.ecletismomusical.pt\/en\/wp-json\/wp\/v2\/types\/post"}],"author":[{"embeddable":true,"href":"https:\/\/www.ecletismomusical.pt\/en\/wp-json\/wp\/v2\/users\/3"}],"replies":[{"embeddable":true,"href":"https:\/\/www.ecletismomusical.pt\/en\/wp-json\/wp\/v2\/comments?post=5388"}],"version-history":[{"count":1,"href":"https:\/\/www.ecletismomusical.pt\/en\/wp-json\/wp\/v2\/posts\/5388\/revisions"}],"predecessor-version":[{"id":5390,"href":"https:\/\/www.ecletismomusical.pt\/en\/wp-json\/wp\/v2\/posts\/5388\/revisions\/5390"}],"wp:featuredmedia":[{"embeddable":true,"href":"https:\/\/www.ecletismomusical.pt\/en\/wp-json\/wp\/v2\/media\/5389"}],"wp:attachment":[{"href":"https:\/\/www.ecletismomusical.pt\/en\/wp-json\/wp\/v2\/media?parent=5388"}],"wp:term":[{"taxonomy":"category","embeddable":true,"href":"https:\/\/www.ecletismomusical.pt\/en\/wp-json\/wp\/v2\/categories?post=5388"},{"taxonomy":"post_tag","embeddable":true,"href":"https:\/\/www.ecletismomusical.pt\/en\/wp-json\/wp\/v2\/tags?post=5388"}],"curies":[{"name":"wp","href":"https:\/\/api.w.org\/{rel}","templated":true}]}}