{"id":5391,"date":"2020-08-31T11:34:04","date_gmt":"2020-08-31T10:34:04","guid":{"rendered":"https:\/\/www.ecletismomusical.pt\/?p=5391"},"modified":"2020-08-31T11:36:04","modified_gmt":"2020-08-31T10:36:04","slug":"new-single-mariana-froes-eu","status":"publish","type":"post","link":"https:\/\/www.ecletismomusical.pt\/en\/new-single-mariana-froes-eu\/","title":{"rendered":"[New Video] Mariana Froes &#8211; Eu"},"content":{"rendered":"<div class=\"wp-block-embed__wrapper\">\n<iframe width=\"900\" height=\"506\" src=\"https:\/\/www.youtube.com\/embed\/ILNAM5KDuhk?feature=oembed\" frameborder=\"0\" allowfullscreen><\/iframe>\n<\/div>\n\n\n\n<p>A talentosa <a href=\"https:\/\/www.instagram.com\/froesmari\/\">Mariana Froes<\/a> lan\u00e7a o videoclipe para a sua can\u00e7\u00e3o &#8220;Eu&#8221;.<br \/>Entrevista no Ecletismo Musical, para recordar aqui: <a href=\"https:\/\/www.ecletismomusical.pt\/en\/entrevista-mariana-froes\/\">https:\/\/www.ecletismomusical.pt\/entrevista-mariana-froes<\/a>\/<br \/><br \/><em>&#8220;Em seu relan\u00e7amento, Mari Froes trouxe elementos de est\u00fadio, com produ\u00e7\u00e3o assinada por Niela Moura (s\u00f3cia da Taquet\u00e1) e F\u00e1bio Gomes.<\/em><\/p>\n<p><em>J\u00e1 sobre a produ\u00e7\u00e3o audiovisual, o videoclipe chega intimista, com imagens da artista em casa, em v\u00e1rios momentos de contempla\u00e7\u00e3o. \u201cGravar o v\u00eddeo em casa foi trabalhoso, mas muito divertido. Gravei ambientes e atividades que transmitem muito quem sou, como o meu quarto, a varanda onde eu passo a maioria dos dias ouvindo m\u00fasica, os \u00e1lbuns de fotos que gosto de rever, meus incensos, velas, coisas que s\u00e3o genuinamente parte do meu dia a dia\u201d, conta a artista.<\/em><\/p>\n<p><em>\u201cAcho que o fato de ter gravado esse clipe sozinha e em quarentena, deixou-o completamente \u2018eu\u2019, em todos os sentidos poss\u00edveis, e estou muito contente com o resultados. Foi um desafio que envolveu muita criatividade, e que valeu a pena\u201d, completa.&#8221;<\/em><\/p>","protected":false},"excerpt":{"rendered":"","protected":false},"author":3,"featured_media":5392,"comment_status":"open","ping_status":"open","sticky":false,"template":"","format":"standard","meta":[],"categories":[235],"tags":[52,804,88,89],"_links":{"self":[{"href":"https:\/\/www.ecletismomusical.pt\/en\/wp-json\/wp\/v2\/posts\/5391"}],"collection":[{"href":"https:\/\/www.ecletismomusical.pt\/en\/wp-json\/wp\/v2\/posts"}],"about":[{"href":"https:\/\/www.ecletismomusical.pt\/en\/wp-json\/wp\/v2\/types\/post"}],"author":[{"embeddable":true,"href":"https:\/\/www.ecletismomusical.pt\/en\/wp-json\/wp\/v2\/users\/3"}],"replies":[{"embeddable":true,"href":"https:\/\/www.ecletismomusical.pt\/en\/wp-json\/wp\/v2\/comments?post=5391"}],"version-history":[{"count":3,"href":"https:\/\/www.ecletismomusical.pt\/en\/wp-json\/wp\/v2\/posts\/5391\/revisions"}],"predecessor-version":[{"id":5395,"href":"https:\/\/www.ecletismomusical.pt\/en\/wp-json\/wp\/v2\/posts\/5391\/revisions\/5395"}],"wp:featuredmedia":[{"embeddable":true,"href":"https:\/\/www.ecletismomusical.pt\/en\/wp-json\/wp\/v2\/media\/5392"}],"wp:attachment":[{"href":"https:\/\/www.ecletismomusical.pt\/en\/wp-json\/wp\/v2\/media?parent=5391"}],"wp:term":[{"taxonomy":"category","embeddable":true,"href":"https:\/\/www.ecletismomusical.pt\/en\/wp-json\/wp\/v2\/categories?post=5391"},{"taxonomy":"post_tag","embeddable":true,"href":"https:\/\/www.ecletismomusical.pt\/en\/wp-json\/wp\/v2\/tags?post=5391"}],"curies":[{"name":"wp","href":"https:\/\/api.w.org\/{rel}","templated":true}]}}