{"id":540,"date":"2010-06-28T06:41:00","date_gmt":"2010-06-28T06:41:00","guid":{"rendered":"https:\/\/ecletismomusical.pt\/festival-optimus-alive10-palco-superbock-dia-8-julho\/"},"modified":"2010-06-28T06:41:00","modified_gmt":"2010-06-28T06:41:00","slug":"festival-optimus-alive10-palco-superbock-dia-8-julho","status":"publish","type":"post","link":"https:\/\/www.ecletismomusical.pt\/en\/festival-optimus-alive10-palco-superbock-dia-8-julho\/","title":{"rendered":"Festival Optimus Alive!10: Palco SuperBock &#8211; Dia 8 Julho"},"content":{"rendered":"<div style=\"clear: both;text-align: center\"><a href=\"http:\/\/ae.fe.up.pt\/~radio\/images\/stories\/geral\/alive_10.jpg\" style=\"clear: left;float: left;margin-bottom: 1em;margin-right: 1em\"><img src=\"http:\/\/ae.fe.up.pt\/~radio\/images\/stories\/geral\/alive_10.jpg\" \/><\/a><\/div>\n<div style=\"font-family: Arial,Helvetica,sans-serif;text-align: justify\">\n<p>O <a href=\"http:\/\/www.optimusalive.com\/musica\/palcosuperbock\">Palco SuperBock<\/a> do <a href=\"http:\/\/www.optimusalive.com\/\"><b>Festival Optimus Alive!10<\/b><\/a> vai ser certamente, no dia 8 de Julho, o local onde uma parte muito significativa do p\u00fablico se ir\u00e1 concentrar por muitas horas. O alinhamento previsto \u00e9 de tal forma rico que, nos dias que correm, este quase que podia ser, por si s\u00f3, um dia de um qualquer outro festival de menores dimens\u00f5es. Pelo palco ir\u00e3o passar alguns dos mais emergentes nomes da cena independente. Certamente que pouco ser\u00e1 o espa\u00e7o dispon\u00edvel para ver os muito aguardados concertos de <b>The xx<\/b> (presentes em quase todos os top3 das listas de melhores \u00e1lbuns de 2009), <b>Florence + The Machine<\/b> and <b>La Roux<\/b>.<\/div>\n<div style=\"font-family: Arial,Helvetica,sans-serif;text-align: justify\"><\/p>\n<div style=\"clear: both;text-align: center\"><\/div>\n<div style=\"clear: both;text-align: center\"><a href=\"http:\/\/www.optimusalive.com\/system\/application\/backend\/views\/templates\/uploads\/header\/header_site_pj.jpg\" style=\"clear: left;float: left;margin-bottom: 1em;margin-right: 1em\"><img height=\"96\" src=\"http:\/\/www.optimusalive.com\/system\/application\/backend\/views\/templates\/uploads\/header\/header_site_pj.jpg\" width=\"400\" \/><\/a><\/div>\n<\/div>\n<div style=\"font-family: Arial,Helvetica,sans-serif;text-align: justify\"><\/div>\n<div style=\"font-family: Arial,Helvetica,sans-serif;text-align: justify\">Esquecendo para j\u00e1 o facto de existir um <b>Palco Optimus<\/b> (palco principal) a funcionar em simult\u00e2neo, as propostas para dia <b>8 de Julho<\/b> no <b>Palco Superbock<\/b> arrancam \u00e0s 17h, o que , atendendo a que ser\u00e1 a numa quinta-feira, far\u00e1 muito provavelmente que poucos sejam aqueles que possam estar presentes para ver as duas primeiras bandas escaladas. O que, diga-se, ser\u00e1 um enorme erro, porque s\u00e3o s\u00f3 duas bandas bem interessantes, tal como todas as que v\u00e3o passar pelo palco neste dia. <\/div>\n<div style=\"font-family: Arial,Helvetica,sans-serif;text-align: justify\"><\/div>\n<div style=\"font-family: Arial,Helvetica,sans-serif;text-align: justify\"><span style=\"font-size: small\"><b>Hora de actua\u00e7\u00e3o: 17:00<\/b><\/span><b> &#8211; <a href=\"http:\/\/www.myspace.com\/localnatives\">Local Natives<\/a><\/b><\/div>\n<div style=\"font-family: Arial,Helvetica,sans-serif;text-align: justify\"><\/div>\n<div style=\"font-family: Arial,Helvetica,sans-serif;text-align: justify\">Banda de indie rock que chega de Los Angeles com excelentes cr\u00edticas ao seu \u00e1lbum de estreia <b>\u00abGorilla Manor\u00bb<\/b> lan\u00e7ado no final do ano passado e que tem vindo a ser apresentado ao vivo em Festivais com muito bons resultados.<\/div>\n<p><\/p>\n<div style=\"font-family: Arial,Helvetica,sans-serif\"><b><br \/><\/b><\/div>\n<div style=\"font-family: Arial,Helvetica,sans-serif\"><b>Hora de actua\u00e7\u00e3o: 18:05<a href=\"http:\/\/www.myspace.com\/thedrumsforever\"> &#8211; The Drums <\/a><\/b><\/div>\n<div style=\"font-family: Arial,Helvetica,sans-serif\"><b><br \/><\/b><\/div>\n<div style=\"font-family: Arial,Helvetica,sans-serif;text-align: justify\">Oriundos de Brooklyn, New York s\u00e3o uma das maiores surpresas (j\u00e1 <a href=\"http:\/\/eclectismomusical.blogspot.com\/2010\/06\/drums-new-beach-boys-are-coming-to-town.html\">aqui<\/a> apresentada) do ano e t\u00eam arrastado multid\u00f5es nos Festivais j\u00e1 realizados com o seu contagiante e refrescante som entre os Joy Division, os The Smiths e os Beach Boys.<a href=\"http:\/\/en.wikipedia.org\/wiki\/Brooklyn,_New_York\" title=\"Brooklyn, New York\"><br \/><\/a><\/div>\n<p><\/p>\n<div style=\"font-family: Arial,Helvetica,sans-serif;text-align: justify\"><span style=\"font-size: small\"><b>Hora de actua\u00e7\u00e3o: 19:15<\/b><\/span><a href=\"http:\/\/www.myspace.com\/devendrabanhart\"> &#8211; Devendra Banhart<\/a><\/div>\n<div style=\"font-family: Arial,Helvetica,sans-serif;text-align: justify\"><\/div>\n<div style=\"font-family: Arial,Helvetica,sans-serif;text-align: justify\">Indiscutivelmente um dos nomes mais importantes da nova cena folk norte-americana, que dispensa grandes apresenta\u00e7\u00f5es. Um g\u00e9nio criativo com influ\u00eancias que v\u00e3o da \u00edndia \u00e0 am\u00e9rica do sul.<\/div>\n<p><\/p>\n<div style=\"font-family: Arial,Helvetica,sans-serif\"><b>Hora de actua\u00e7\u00e3o: 20:50<\/b><a href=\"http:\/\/www.myspace.com\/florenceandthemachine\"> &#8211; Florence + The Machine <\/a><\/div>\n<div style=\"text-align: justify\"><\/div>\n<div style=\"text-align: justify\"><span style=\"font-family: Arial,Helvetica,sans-serif\"><b>Florence Welch<\/b> lan\u00e7ou <b>\u00abLungs\u00bb<\/b> o ano passado, de l\u00e1 para c\u00e1, coleccionou \u00eaxitos e reconhecimento da cr\u00edtica. Alcan\u00e7ou o n\u00famero 1 do top brit\u00e2nico e ainda este fim de semana foi figura de proa do m\u00edtico <b>Festival Glastonbury<\/b>. Imperd\u00edvel!<\/span><\/div>\n<p><\/p>\n<div style=\"font-family: Arial,Helvetica,sans-serif\"><b>Hora de actua\u00e7\u00e3o: 22:25<\/b><a href=\"http:\/\/www.myspace.com\/thexx\"> &#8211; The XX<\/a><\/div>\n<p><\/p>\n<div style=\"font-family: Arial,Helvetica,sans-serif;text-align: justify\">No in\u00edcio Londres n\u00e3o percebeu, depois, o hype surgiu, agora a consagra\u00e7\u00e3o tem acontecido em todas as apresenta\u00e7\u00f5es ao vivo destes \u00abestranhos\u00bb mas absolutamente obrigat\u00f3rios <b>The XX!<\/b><\/div>\n<p><\/p>\n<div style=\"font-family: Arial,Helvetica,sans-serif\"><\/div>\n<div style=\"font-family: Arial,Helvetica,sans-serif\"><b>Hora de actua\u00e7\u00e3o: 23:50<\/b><a href=\"http:\/\/www.myspace.com\/larouxuk\"> &#8211; La Roux<\/a><\/div>\n<div style=\"font-family: Arial,Helvetica,sans-serif\"><\/div>\n<div style=\"font-family: Arial,Helvetica,sans-serif;text-align: justify\">O duo electropop La Roux conta apenas com um \u00e1lbum editado, hom\u00f3nimo,&nbsp; mas que j\u00e1 vendeu mais de 500 mil unidades pelo mundo fora, alcan\u00e7ando o&nbsp; segundo lugar do top de vendas em Inglaterra, uma nomea\u00e7\u00e3o para o conceituado Mercury Prize e o pr\u00e9mio NME para &#8220;Melhor M\u00fasica para as Pistas&nbsp; de Dan\u00e7a\u201d.<\/div>\n<div style=\"font-family: Arial,Helvetica,sans-serif\"><\/div>\n<p><\/p>\n<div style=\"font-family: Arial,Helvetica,sans-serif\"><b>Hora de actua\u00e7\u00e3o: 01.00<\/b><a href=\"http:\/\/www.myspace.com\/calvinharristv\"> &#8211; Calvin Harris<\/a><\/div>\n<div style=\"font-family: Arial,Helvetica,sans-serif\"><\/div>\n<div style=\"font-family: Arial,Helvetica,sans-serif;text-align: justify\">Conhecido como o Rei da Electropop, Calvin Harris \u00e9 um dos mais reputados DJ&#8217;s e produtores da actualidade. Com dois \u00e1lbuns editados, o segundo dos quais atingiu o primeiro lugar do top de vendas em Inglaterra, lan\u00e7ou uma m\u00e3o-cheia de singles que se tornaram obrigat\u00f3rios em todas as pistas de dan\u00e7a.<\/div>\n<p><\/p>\n<div style=\"font-family: Arial,Helvetica,sans-serif\"><b>Hora de actua\u00e7\u00e3o: 02:10<\/b><a href=\"http:\/\/www.myspace.com\/thisisburns\"> &#8211; Burns<\/a><\/div>\n<div style=\"font-family: Arial,Helvetica,sans-serif;text-align: justify\"><\/div>\n<div style=\"font-family: Arial,Helvetica,sans-serif;text-align: justify\">Burns \u00e9 conhecido por m\u00fasicas que &#8220;s\u00e3o um grande soco mas t\u00eam um toque de classe&#8221; (DJ Mag). Depois de uma digress\u00e3o pelos Estados Unidos, com Deadmau5, vai ser respons\u00e1vel por encerrar, em ambiente de grande folia, a primeira noite do Optimus Alive!10.<\/div>\n<p><\/p>","protected":false},"excerpt":{"rendered":"<p>O Palco SuperBock do Festival Optimus Alive!10 vai ser certamente, no dia 8 de Julho, o local onde uma parte muito significativa do p\u00fablico se ir\u00e1 concentrar por muitas horas. O alinhamento previsto \u00e9 de tal forma rico que, nos dias que correm, este quase que podia ser, por si s\u00f3, um dia de um<\/p>","protected":false},"author":1,"featured_media":0,"comment_status":"open","ping_status":"open","sticky":false,"template":"","format":"standard","meta":[],"categories":[1],"tags":[],"_links":{"self":[{"href":"https:\/\/www.ecletismomusical.pt\/en\/wp-json\/wp\/v2\/posts\/540"}],"collection":[{"href":"https:\/\/www.ecletismomusical.pt\/en\/wp-json\/wp\/v2\/posts"}],"about":[{"href":"https:\/\/www.ecletismomusical.pt\/en\/wp-json\/wp\/v2\/types\/post"}],"author":[{"embeddable":true,"href":"https:\/\/www.ecletismomusical.pt\/en\/wp-json\/wp\/v2\/users\/1"}],"replies":[{"embeddable":true,"href":"https:\/\/www.ecletismomusical.pt\/en\/wp-json\/wp\/v2\/comments?post=540"}],"version-history":[{"count":0,"href":"https:\/\/www.ecletismomusical.pt\/en\/wp-json\/wp\/v2\/posts\/540\/revisions"}],"wp:attachment":[{"href":"https:\/\/www.ecletismomusical.pt\/en\/wp-json\/wp\/v2\/media?parent=540"}],"wp:term":[{"taxonomy":"category","embeddable":true,"href":"https:\/\/www.ecletismomusical.pt\/en\/wp-json\/wp\/v2\/categories?post=540"},{"taxonomy":"post_tag","embeddable":true,"href":"https:\/\/www.ecletismomusical.pt\/en\/wp-json\/wp\/v2\/tags?post=540"}],"curies":[{"name":"wp","href":"https:\/\/api.w.org\/{rel}","templated":true}]}}