{"id":5441,"date":"2020-11-19T15:13:26","date_gmt":"2020-11-19T15:13:26","guid":{"rendered":"https:\/\/www.ecletismomusical.pt\/?p=5441"},"modified":"2020-11-19T16:16:04","modified_gmt":"2020-11-19T16:16:04","slug":"worth-listening-to-silente-silente","status":"publish","type":"post","link":"https:\/\/www.ecletismomusical.pt\/en\/worth-listening-to-silente-silente\/","title":{"rendered":"[Worth Listening To] Silente &#8211; Silente"},"content":{"rendered":"<div class=\"wp-block-embed__wrapper\">\n<iframe width=\"900\" height=\"675\" src=\"https:\/\/www.youtube.com\/embed\/oI94XUht4zw?feature=oembed\" frameborder=\"0\" allowfullscreen><\/iframe>\n<\/div>\n\n\n\n<p>Em 2011, o Ecletismo Musical considerava &#8220;<strong>Nothing Ahead \/ Nothing Behind<\/strong>&#8221; de Rose Blanket, como o 5\u00ba melhor \u00e1lbum do Ano. Miguel Dias, o homem por detr\u00e1s desta magn\u00edfica obra, dizia nessa altura ao EM <a href=\"https:\/\/www.ecletismomusical.pt\/en\/entrevista-rose-blanket\/\">(em entrevista para recordar aqui<\/a>) que &#8220;<strong>\u201cA verdade \u00e9 que o palco nunca foi um espa\u00e7o confort\u00e1vel para mim, nada funciona, n\u00e3o existe prazer.\u201d<\/strong>.<\/p>\n\n\n\n<p>Nada melhor do que uma pandemia, para o regresso sem a press\u00e3o dos palcos e dos concertos. Assim, Miguel Dias est\u00e1 de volta com o projeto Silente!<\/p>\n\n\n\n<p><em><strong>Silente<\/strong>&nbsp;\u00e9 o&nbsp;<strong>novo projecto de Miguel Dias (ex-Rose Blanket) e Filipa Caetano<\/strong>, e que conta com a&nbsp;<strong>colabora\u00e7\u00e3o do escritor\/poeta Frederico Pedreira nas letras<\/strong>.<br>O disco&nbsp;\u00e9 o resultado de uma paciente matura\u00e7\u00e3o que se estendeu pelo&nbsp;<strong>per\u00edodo 2015-2019<\/strong>, durante o qual o gosto pela experimenta\u00e7\u00e3o contribuiu para alongar, sem pressas, todo o processo criativo.&nbsp;<\/em><\/p>\n\n\n\n<p>A totalidade dos temas \u00e9 de&nbsp;<strong>autoria de Miguel Dias<\/strong>&nbsp;que assegurou, igualmente, grande parte da&nbsp;<strong>instrumenta\u00e7\u00e3o<\/strong>. As&nbsp;<strong>vozes s\u00e3o de Filipa Caetano<\/strong>, que j\u00e1 tinha colaborado com Miguel Dias no \u00faltimo disco de Rose Blanket,&nbsp;<em>Nothing Ahead Nothing Behind<\/em>. Participaram ainda no disco&nbsp;<strong>Miguel Gomes (guitarras em 2 temas e algumas percuss\u00f5es), Miguel Ramos (baixo em 3 temas) e Miguel \u00c2ngelo (baterias e percuss\u00f5es)<\/strong>.<\/p>\n\n\n\n<p><\/p>","protected":false},"excerpt":{"rendered":"<p>Em 2011, o Ecletismo Musical considerava &#8220;Nothing Ahead \/ Nothing Behind&#8221; de Rose Blanket, como o 5\u00ba melhor \u00e1lbum do Ano. Miguel Dias, o homem por detr\u00e1s desta magn\u00edfica obra, dizia nessa altura ao EM (em entrevista para recordar aqui) que &#8220;\u201cA verdade \u00e9 que o palco nunca foi um espa\u00e7o confort\u00e1vel para mim, nada<\/p>","protected":false},"author":3,"featured_media":5443,"comment_status":"open","ping_status":"open","sticky":false,"template":"","format":"standard","meta":[],"categories":[529,30],"tags":[940,939,937],"_links":{"self":[{"href":"https:\/\/www.ecletismomusical.pt\/en\/wp-json\/wp\/v2\/posts\/5441"}],"collection":[{"href":"https:\/\/www.ecletismomusical.pt\/en\/wp-json\/wp\/v2\/posts"}],"about":[{"href":"https:\/\/www.ecletismomusical.pt\/en\/wp-json\/wp\/v2\/types\/post"}],"author":[{"embeddable":true,"href":"https:\/\/www.ecletismomusical.pt\/en\/wp-json\/wp\/v2\/users\/3"}],"replies":[{"embeddable":true,"href":"https:\/\/www.ecletismomusical.pt\/en\/wp-json\/wp\/v2\/comments?post=5441"}],"version-history":[{"count":7,"href":"https:\/\/www.ecletismomusical.pt\/en\/wp-json\/wp\/v2\/posts\/5441\/revisions"}],"predecessor-version":[{"id":5451,"href":"https:\/\/www.ecletismomusical.pt\/en\/wp-json\/wp\/v2\/posts\/5441\/revisions\/5451"}],"wp:featuredmedia":[{"embeddable":true,"href":"https:\/\/www.ecletismomusical.pt\/en\/wp-json\/wp\/v2\/media\/5443"}],"wp:attachment":[{"href":"https:\/\/www.ecletismomusical.pt\/en\/wp-json\/wp\/v2\/media?parent=5441"}],"wp:term":[{"taxonomy":"category","embeddable":true,"href":"https:\/\/www.ecletismomusical.pt\/en\/wp-json\/wp\/v2\/categories?post=5441"},{"taxonomy":"post_tag","embeddable":true,"href":"https:\/\/www.ecletismomusical.pt\/en\/wp-json\/wp\/v2\/tags?post=5441"}],"curies":[{"name":"wp","href":"https:\/\/api.w.org\/{rel}","templated":true}]}}