{"id":553,"date":"2010-05-31T16:24:00","date_gmt":"2010-05-31T16:24:00","guid":{"rendered":"https:\/\/ecletismomusical.pt\/pop-dellarte-ritual-transdisco\/"},"modified":"2010-05-31T16:24:00","modified_gmt":"2010-05-31T16:24:00","slug":"pop-dellarte-ritual-transdisco","status":"publish","type":"post","link":"https:\/\/www.ecletismomusical.pt\/en\/pop-dellarte-ritual-transdisco\/","title":{"rendered":"Pop Dell&#8217;Arte &#8211; &#8220;Ritual Transdisco&#8221;"},"content":{"rendered":"<div style=\"clear: both;text-align: center\"><a href=\"http:\/\/blitz.aeiou.pt\/users\/918\/91876\/popdellarte-091a-83c4.jpg\" style=\"clear: left;float: left;margin-bottom: 1em;margin-right: 1em\"><img height=\"192\" src=\"http:\/\/blitz.aeiou.pt\/users\/918\/91876\/popdellarte-091a-83c4.jpg\" width=\"320\" \/><\/a><\/div>\n<div style=\"font-family: Arial,Helvetica,sans-serif;text-align: justify\"><\/div>\n<div style=\"font-family: Arial,Helvetica,sans-serif;text-align: justify\">J\u00e1 est\u00e1 dispon\u00edvel para download o  <b> <a href=\"http:\/\/popdellarte.posterous.com\/contra-mundum-ritual-transdisco-1-single\" target=\"_blank\">novo single dos Pop Dell&#8217; Arte &#8220;Ritual Transdisco&#8221;<\/a> que faz parte do \u00e1lbum <\/b><i>Contra Mundum<\/i>  , que estar\u00e1 \u00e0 venda a partir de dia 14 de Junho, celebrando o 25\u00ba anivers\u00e1rio da banda.  <\/div>","protected":false},"excerpt":{"rendered":"<p>J\u00e1 est\u00e1 dispon\u00edvel para download o novo single dos Pop Dell&#8217; Arte &#8220;Ritual Transdisco&#8221; que faz parte do \u00e1lbum Contra Mundum , que estar\u00e1 \u00e0 venda a partir de dia 14 de Junho, celebrando o 25\u00ba anivers\u00e1rio da banda.<\/p>","protected":false},"author":1,"featured_media":0,"comment_status":"open","ping_status":"open","sticky":false,"template":"","format":"standard","meta":[],"categories":[1],"tags":[],"_links":{"self":[{"href":"https:\/\/www.ecletismomusical.pt\/en\/wp-json\/wp\/v2\/posts\/553"}],"collection":[{"href":"https:\/\/www.ecletismomusical.pt\/en\/wp-json\/wp\/v2\/posts"}],"about":[{"href":"https:\/\/www.ecletismomusical.pt\/en\/wp-json\/wp\/v2\/types\/post"}],"author":[{"embeddable":true,"href":"https:\/\/www.ecletismomusical.pt\/en\/wp-json\/wp\/v2\/users\/1"}],"replies":[{"embeddable":true,"href":"https:\/\/www.ecletismomusical.pt\/en\/wp-json\/wp\/v2\/comments?post=553"}],"version-history":[{"count":0,"href":"https:\/\/www.ecletismomusical.pt\/en\/wp-json\/wp\/v2\/posts\/553\/revisions"}],"wp:attachment":[{"href":"https:\/\/www.ecletismomusical.pt\/en\/wp-json\/wp\/v2\/media?parent=553"}],"wp:term":[{"taxonomy":"category","embeddable":true,"href":"https:\/\/www.ecletismomusical.pt\/en\/wp-json\/wp\/v2\/categories?post=553"},{"taxonomy":"post_tag","embeddable":true,"href":"https:\/\/www.ecletismomusical.pt\/en\/wp-json\/wp\/v2\/tags?post=553"}],"curies":[{"name":"wp","href":"https:\/\/api.w.org\/{rel}","templated":true}]}}