{"id":5579,"date":"2025-04-29T09:44:00","date_gmt":"2025-04-29T08:44:00","guid":{"rendered":"https:\/\/www.ecletismomusical.pt\/?p=5579"},"modified":"2025-04-29T09:59:41","modified_gmt":"2025-04-29T08:59:41","slug":"worth-listening-to-javisol-javisol","status":"publish","type":"post","link":"https:\/\/www.ecletismomusical.pt\/en\/worth-listening-to-javisol-javisol\/","title":{"rendered":"[Worth Listening to] JAVISOL &#8211; JAVISOL"},"content":{"rendered":"<p>Volta e meia, sem que nada o fa\u00e7a prever ou anunciar, surge um projecto capaz de causar o impacto dos <a href=\"https:\/\/www.instagram.com\/palmasparajavisol\/\" target=\"_blank\">JAVISOL<\/a> O seu hom\u00f3nimo \u00e1lbum de estreia \u00e9 um (enorme e fant\u00e1stico) murro no est\u00f4mago!<\/p>\n<p>Com a voz intensa de <b>Tiago Jesus<\/b>, o mentor do projecto, somos levados pelos caminhos tortuosos da condi\u00e7\u00e3o humana, em letras com marcada carga emocional que deambulam entre a introspe\u00e7\u00e3o e a necessidade de explos\u00e3o para suportar as dores da exist\u00eancia.<\/p>\n<p>O som deste quarteto de Loures que apresenta uma particularmente inspirada mescla entre Rock alternativo e o Fado, \u00e9 cru, denso e visceral, numa envolv\u00eancia viciante que leva o ouvinte a querer ouvir mais sobre os lamentos da condi\u00e7\u00e3o humana e do peso das suas consequ\u00eancias.<\/p>\n<p>Composto atualmente por Tiago Jesus (cria\u00e7\u00e3o, voz e guitarra), Andr\u00e9 Morais (instrumentista e produtor), Jo\u00e3o Aguiar (guitarra) e Ricardo Rodrigues (bateria), os JAVISOL apresentam-se em grande estilo e prometem vir ocupar um espa\u00e7o s\u00f3lido na m\u00fasica portuguesa.<\/p>\n<p><b>&#8220;Tempestade&#8221;<\/b>, foi o primeiro single:<\/p>\n<p><b><b><iframe width=\"560\" height=\"315\" src=\"https:\/\/www.youtube.com\/embed\/hQpxk_BBrtg?si=I7pz8XyK_iuQ2pm1\" frameborder=\"0\" allowfullscreen=\"\"><\/iframe><br \/>\n<b>\u00abo tempo s\u00f3 tem tempo para mim quando est\u00e1 de chuva\u00bb<\/b><\/b><\/b><\/p>\n<p><b><b><b>Seguiu-se, <b>&#8220;Na Lama&#8221;<\/b>:<\/b><\/b><\/b><\/p>\n<p><b><b><b><b><iframe width=\"560\" height=\"315\" src=\"https:\/\/www.youtube.com\/embed\/UQ631ObC6Jc?si=BzR2V6nveiFJ93RO\" frameborder=\"0\" allowfullscreen=\"\"><\/iframe><\/b><\/b><\/b><\/b><\/p>\n<p><b><b><b>O 3\u00ba <i>single<\/i>, <b>&#8220;Na Corda Bamba&#8221;<\/b> foi recentemente lan\u00e7ado e traz-nos mais uma descarga emocional que faz doer a alma de t\u00e3o cru (\u00abcaminho na corda h\u00e1 v\u00e1rios anos, e finjo que me equil\u00edbro\u00bb).<\/b><\/b><\/b><\/p>\n<p><b><b><iframe width=\"560\" height=\"315\" src=\"https:\/\/www.youtube.com\/embed\/Cr2S9pN-D48?si=CAzpHhBI-mriVh0t\" frameborder=\"0\" allowfullscreen=\"\"><\/iframe><\/b><\/b><\/p>\n<p><b><b><b>EM REPEAT:<\/b><br \/>\n<iframe style=\"border-radius:12px\" src=\"https:\/\/open.spotify.com\/embed\/album\/30ZwZU3Gt3beIudVJhQqkC?utm_source=generator\" width=\"100%\" height=\"352\" frameborder=\"0\" allowfullscreen=\"\"><\/iframe><\/p>\n<p><\/b><\/b><b><b><\/b><\/b><b><b><\/b><\/b><b><b><\/b><\/b><\/p>","protected":false},"excerpt":{"rendered":"<p>Volta e meia, sem que nada o fa\u00e7a prever ou anunciar, surge um projecto capaz de causar o impacto dos JAVISOL O seu hom\u00f3nimo \u00e1lbum de estreia \u00e9 um (enorme e fant\u00e1stico) murro no est\u00f4mago! Com a voz intensa de Tiago Jesus, o mentor do projecto, somos levados pelos caminhos tortuosos da condi\u00e7\u00e3o humana, em<\/p>","protected":false},"author":1,"featured_media":5580,"comment_status":"open","ping_status":"open","sticky":false,"template":"","format":"standard","meta":[],"categories":[22,1,529,30],"tags":[962,83,86,115],"_links":{"self":[{"href":"https:\/\/www.ecletismomusical.pt\/en\/wp-json\/wp\/v2\/posts\/5579"}],"collection":[{"href":"https:\/\/www.ecletismomusical.pt\/en\/wp-json\/wp\/v2\/posts"}],"about":[{"href":"https:\/\/www.ecletismomusical.pt\/en\/wp-json\/wp\/v2\/types\/post"}],"author":[{"embeddable":true,"href":"https:\/\/www.ecletismomusical.pt\/en\/wp-json\/wp\/v2\/users\/1"}],"replies":[{"embeddable":true,"href":"https:\/\/www.ecletismomusical.pt\/en\/wp-json\/wp\/v2\/comments?post=5579"}],"version-history":[{"count":15,"href":"https:\/\/www.ecletismomusical.pt\/en\/wp-json\/wp\/v2\/posts\/5579\/revisions"}],"predecessor-version":[{"id":5696,"href":"https:\/\/www.ecletismomusical.pt\/en\/wp-json\/wp\/v2\/posts\/5579\/revisions\/5696"}],"wp:featuredmedia":[{"embeddable":true,"href":"https:\/\/www.ecletismomusical.pt\/en\/wp-json\/wp\/v2\/media\/5580"}],"wp:attachment":[{"href":"https:\/\/www.ecletismomusical.pt\/en\/wp-json\/wp\/v2\/media?parent=5579"}],"wp:term":[{"taxonomy":"category","embeddable":true,"href":"https:\/\/www.ecletismomusical.pt\/en\/wp-json\/wp\/v2\/categories?post=5579"},{"taxonomy":"post_tag","embeddable":true,"href":"https:\/\/www.ecletismomusical.pt\/en\/wp-json\/wp\/v2\/tags?post=5579"}],"curies":[{"name":"wp","href":"https:\/\/api.w.org\/{rel}","templated":true}]}}