{"id":5595,"date":"2025-05-02T09:11:41","date_gmt":"2025-05-02T08:11:41","guid":{"rendered":"https:\/\/www.ecletismomusical.pt\/?p=5595"},"modified":"2025-05-11T23:07:05","modified_gmt":"2025-05-11T22:07:05","slug":"worth-listening-to-barry-cant-swim-oflynn-kimpton","status":"publish","type":"post","link":"https:\/\/www.ecletismomusical.pt\/en\/worth-listening-to-barry-cant-swim-oflynn-kimpton\/","title":{"rendered":"[Worth Listening To] Barry Can\u2019t Swim &#038; O\u2019Flynn &#8211; Kimpton"},"content":{"rendered":"<p><iframe width=\"560\" height=\"315\" src=\"https:\/\/www.youtube.com\/embed\/dpSUbK-bOLA?si=O4wxFYodImkruKwf\" frameborder=\"0\" allowfullscreen=\"\"><\/iframe><\/p>\n<p>Novo \u00e1lbum <b>&#8220;Loner&#8221;<\/b> dispon\u00edvel a 11 de Julho pela <a href=\"https:\/\/ninjatune.net\/\" target=\"_blank\">Ninja Tune<\/a><\/p>\n<p><a href=\"https:\/\/barrycantswim.com\/\" target=\"_blank\">Barry Can&#8217;t Swim<\/a> estar\u00e1 em Portugal, no dia 10 de Julho, no <b>Palco Heineken<\/b> do <a href=\"https:\/\/nosalive.com\/festival\/barry-cant-swim\/\" target=\"_blank\">NOS Alive 2025<\/a>!<\/p>","protected":false},"excerpt":{"rendered":"<p>Novo \u00e1lbum &#8220;Loner&#8221; dispon\u00edvel a 11 de Julho pela Ninja Tune Barry Can&#8217;t Swim estar\u00e1 em Portugal, no dia 10 de Julho, no Palco Heineken do NOS Alive 2025!<\/p>","protected":false},"author":1,"featured_media":5599,"comment_status":"open","ping_status":"open","sticky":false,"template":"","format":"standard","meta":[],"categories":[1,24,529,26],"tags":[965,91],"_links":{"self":[{"href":"https:\/\/www.ecletismomusical.pt\/en\/wp-json\/wp\/v2\/posts\/5595"}],"collection":[{"href":"https:\/\/www.ecletismomusical.pt\/en\/wp-json\/wp\/v2\/posts"}],"about":[{"href":"https:\/\/www.ecletismomusical.pt\/en\/wp-json\/wp\/v2\/types\/post"}],"author":[{"embeddable":true,"href":"https:\/\/www.ecletismomusical.pt\/en\/wp-json\/wp\/v2\/users\/1"}],"replies":[{"embeddable":true,"href":"https:\/\/www.ecletismomusical.pt\/en\/wp-json\/wp\/v2\/comments?post=5595"}],"version-history":[{"count":3,"href":"https:\/\/www.ecletismomusical.pt\/en\/wp-json\/wp\/v2\/posts\/5595\/revisions"}],"predecessor-version":[{"id":5598,"href":"https:\/\/www.ecletismomusical.pt\/en\/wp-json\/wp\/v2\/posts\/5595\/revisions\/5598"}],"wp:featuredmedia":[{"embeddable":true,"href":"https:\/\/www.ecletismomusical.pt\/en\/wp-json\/wp\/v2\/media\/5599"}],"wp:attachment":[{"href":"https:\/\/www.ecletismomusical.pt\/en\/wp-json\/wp\/v2\/media?parent=5595"}],"wp:term":[{"taxonomy":"category","embeddable":true,"href":"https:\/\/www.ecletismomusical.pt\/en\/wp-json\/wp\/v2\/categories?post=5595"},{"taxonomy":"post_tag","embeddable":true,"href":"https:\/\/www.ecletismomusical.pt\/en\/wp-json\/wp\/v2\/tags?post=5595"}],"curies":[{"name":"wp","href":"https:\/\/api.w.org\/{rel}","templated":true}]}}