{"id":5603,"date":"2025-04-30T09:10:40","date_gmt":"2025-04-30T08:10:40","guid":{"rendered":"https:\/\/www.ecletismomusical.pt\/?p=5603"},"modified":"2025-05-08T09:43:33","modified_gmt":"2025-05-08T08:43:33","slug":"festival-nos-alive25","status":"publish","type":"post","link":"https:\/\/www.ecletismomusical.pt\/en\/festival-nos-alive25\/","title":{"rendered":"[Festival] NOS alive&#8217;25"},"content":{"rendered":"<p><b>O <a href=\"https:\/\/www.nosalive.com\" target=\"_blank\">NOS Alive<\/a> regressa ao Passeio Mar\u00edtimo de Alg\u00e9s nos dias 10, 11 e 12 de julho de 2025.<\/b><\/p>\n<p><b>Para j\u00e1, do que foi anunciado, os artistas que mais prometem s\u00e3o:<\/b><\/p>\n<h2>10 de julho<\/h2>\n<p><a href=\"https:\/\/www.glassanimals.com\/\" target=\"_blank\">Glass Animals<\/a>, <a href=\"https:\/\/www.parovstelar.com\/\" target=\"_blank\">Parov Stelar<\/a>, <a href=\"https:\/\/barrycantswim.com\/\" target=\"_blank\">Barry Can\u2019t Swim<\/a>, <a href=\"https:\/\/www.artem.as\/\" target=\"_blank\">Artemas<\/a>, <a href=\"https:\/\/noahkahan.com\/\" target=\"_blank\">Noah Kahan<\/a><\/p>\n<h2>11 de julho<\/h2>\n<p><a href=\"https:\/\/nosalive.com\/en\/festival\/macacos-do-chines\/\" target=\"_blank\">Macacos do Chin\u00eas<\/a>, <a href=\"https:\/\/www.logic1000.com\/\" target=\"_blank\">Logic 1000<\/a>, <a href=\"https:\/\/www.thebackseatlovers.com\/\" target=\"_blank\">The Backseat Lovers<\/a>, <a href=\"https:\/\/ilovestvincent.com\/\" target=\"_blank\">St. Vincent<\/a>, <a href=\"https:\/\/www.mothermothersite.com\/\" target=\"_blank\">Mother Mother<\/a>, <a href=\"https:\/\/shop.finneasofficial.com\/\" target=\"_blank\">FINNEAS<\/a>, <a href=\"https:\/\/www.worldinred.com\/\" target=\"_blank\">Girl in Red<\/a>, <a href=\"https:\/\/www.anyma.com\/\" target=\"_blank\">Anyma<\/a><\/p>\n<h2>12 de julho<\/h2>\n<p><a href=\"https:\/\/bloodybeetroots.com\/\" target=\"_blank\">The Bloody Beetroots<\/a>, <a href=\"https:\/\/www.atrak.com\/\" target=\"_blank\">A-Trak<\/a>, <a href=\"https:\/\/www.ntomusic.com\/en-fr\/\" target=\"_blank\">NTO<\/a>, <a href=\"https:\/\/www.brighteyesmusic.com\/\" target=\"_blank\">Bright Eyes<\/a>, <a href=\"https:\/\/www.amylandthesniffers.com\/\" target=\"_blank\">Amyl and The Sniffers<\/a>, <a href=\"https:\/\/www.futureislands.com\/\" target=\"_blank\">Future Islands<\/a>, <a href=\"https:\/\/www.fosterthepeople.com\/\" target=\"_blank\">Foster The People<\/a>, <a href=\"https:\/\/cmatbaby.com\" target=\"_blank\">CMAT<\/a><\/p>","protected":false},"excerpt":{"rendered":"<p>O NOS Alive regressa ao Passeio Mar\u00edtimo de Alg\u00e9s nos dias 10, 11 e 12 de julho de 2025. Para j\u00e1, do que foi anunciado, os artistas que mais prometem s\u00e3o: 10 de julho Glass Animals, Parov Stelar, Barry Can\u2019t Swim, Artemas, Noah Kahan 11 de julho Macacos do Chin\u00eas, Logic 1000, The Backseat Lovers,<\/p>","protected":false},"author":1,"featured_media":5604,"comment_status":"open","ping_status":"open","sticky":false,"template":"","format":"standard","meta":[],"categories":[23,1,24,118],"tags":[971,54,969,970,91,424],"_links":{"self":[{"href":"https:\/\/www.ecletismomusical.pt\/en\/wp-json\/wp\/v2\/posts\/5603"}],"collection":[{"href":"https:\/\/www.ecletismomusical.pt\/en\/wp-json\/wp\/v2\/posts"}],"about":[{"href":"https:\/\/www.ecletismomusical.pt\/en\/wp-json\/wp\/v2\/types\/post"}],"author":[{"embeddable":true,"href":"https:\/\/www.ecletismomusical.pt\/en\/wp-json\/wp\/v2\/users\/1"}],"replies":[{"embeddable":true,"href":"https:\/\/www.ecletismomusical.pt\/en\/wp-json\/wp\/v2\/comments?post=5603"}],"version-history":[{"count":27,"href":"https:\/\/www.ecletismomusical.pt\/en\/wp-json\/wp\/v2\/posts\/5603\/revisions"}],"predecessor-version":[{"id":5777,"href":"https:\/\/www.ecletismomusical.pt\/en\/wp-json\/wp\/v2\/posts\/5603\/revisions\/5777"}],"wp:featuredmedia":[{"embeddable":true,"href":"https:\/\/www.ecletismomusical.pt\/en\/wp-json\/wp\/v2\/media\/5604"}],"wp:attachment":[{"href":"https:\/\/www.ecletismomusical.pt\/en\/wp-json\/wp\/v2\/media?parent=5603"}],"wp:term":[{"taxonomy":"category","embeddable":true,"href":"https:\/\/www.ecletismomusical.pt\/en\/wp-json\/wp\/v2\/categories?post=5603"},{"taxonomy":"post_tag","embeddable":true,"href":"https:\/\/www.ecletismomusical.pt\/en\/wp-json\/wp\/v2\/tags?post=5603"}],"curies":[{"name":"wp","href":"https:\/\/api.w.org\/{rel}","templated":true}]}}