{"id":563,"date":"2010-05-15T17:49:00","date_gmt":"2010-05-15T17:49:00","guid":{"rendered":"https:\/\/ecletismomusical.pt\/maria-clementina-veio-a-maria-clementina\/"},"modified":"2010-05-15T17:49:00","modified_gmt":"2010-05-15T17:49:00","slug":"maria-clementina-veio-a-maria-clementina","status":"publish","type":"post","link":"https:\/\/www.ecletismomusical.pt\/en\/maria-clementina-veio-a-maria-clementina\/","title":{"rendered":"Maria Clementina &#8211; Veio a Maria Clementina"},"content":{"rendered":"<p><a href=\"http:\/\/dn.sapo.pt\/storage\/ng1292433.JPG?type=big&amp;pos=0\" style=\"clear: left;float: left;margin-bottom: 1em;margin-right: 1em\"><img height=\"152\" src=\"http:\/\/dn.sapo.pt\/storage\/ng1292433.JPG?type=big&amp;pos=0\" width=\"320\" \/><\/a><\/p>\n<p><i><br \/><\/i><\/p>\n<div style=\"text-align: justify\"><i><span><\/span><\/i><\/p>\n<div><i><span>T<span style=\"font-family: Arial,Helvetica,sans-serif\">r\u00eas m\u00fasicos e uma cantora portugueses, conhecidos nos seus projectos individuais, juntaram-se para formar um novo grupo, intitulado <a href=\"http:\/\/www.myspace.com\/mclementina\"><b>Maria Clementina,<\/b><\/a> que ir\u00e1 lan\u00e7ar em Junho um EP com m\u00fasica pop para ser trauteada durante o ver\u00e3o.<\/span><\/span><\/i><\/div>\n<div style=\"font-family: Arial,Helvetica,sans-serif\"><i><span><br \/><\/span><\/i><\/div>\n<p><i><span><\/span><\/i><\/div>\n<div>\n<div style=\"font-family: Arial,Helvetica,sans-serif;text-align: justify\"><i>Em declara\u00e7\u00f5es \u00e0 ag\u00eancia Lusa, os quatro elementos disseram n\u00e3o querer revelar a identidade para que a m\u00fasica que fazem individualmente, e pela qual foram falados nos \u00faltimos meses, n\u00e3o se sobreponha ao conceito do projecto <a href=\"http:\/\/www.myspace.com\/mclementina\">Maria Clementina<\/a>.<\/i><\/div>\n<div style=\"font-family: Arial,Helvetica,sans-serif;text-align: justify\"><\/div>\n<div style=\"font-family: Arial,Helvetica,sans-serif;text-align: justify\"><i>Como n\u00e3o revelam a identidade, os quatro m\u00fasicos adoptaram alteregos, sendo eles <b>Raquel Menina (voz), Juca Pavico (guitarra, piano e voz), Enrique Mita (banjo, baixo e voz) e Manuel de Malta<\/b> (bateria, theremin, autor dos arranjos).<\/i><\/div>\n<div style=\"font-family: Arial,Helvetica,sans-serif;text-align: justify\"><\/div>\n<div style=\"font-family: Arial,Helvetica,sans-serif;text-align: justify\">Apesar desta vontade de n\u00e3o revelar publicamente a identidade, parece poder-se afirmar que <b>B Fachada<\/b>, e talvez, <b>Margarida Pinto<\/b> (Coldfinger) s\u00e3o duas das vozes do projecto&#8230;<\/div>\n<div style=\"font-family: Arial,Helvetica,sans-serif;text-align: justify\"><\/div>\n<div style=\"font-family: Arial,Helvetica,sans-serif;text-align: justify\">Muito bom in\u00edcio, esperamos por mais&#8230;<\/div>\n<div style=\"font-family: Arial,Helvetica,sans-serif;text-align: justify\"><\/div>\n<div style=\"font-family: Arial,Helvetica,sans-serif;text-align: justify\"><\/div>\n<div><\/div>\n<div style=\"font-family: Arial,Helvetica,sans-serif;text-align: justify\"><i>Para ouvir no <b>Myspace<\/b> o single <\/i><a href=\"http:\/\/www.myspace.com\/mclementina\"><b>\u201cVeio a Maria Clementina\u201d<\/b><\/a><a href=\"http:\/\/www.myspace.com\/mclementina\"><b><br \/><\/b><\/a><\/div>\n<\/div>","protected":false},"excerpt":{"rendered":"<p>Tr\u00eas m\u00fasicos e uma cantora portugueses, conhecidos nos seus projectos individuais, juntaram-se para formar um novo grupo, intitulado Maria Clementina, que ir\u00e1 lan\u00e7ar em Junho um EP com m\u00fasica pop para ser trauteada durante o ver\u00e3o. Em declara\u00e7\u00f5es \u00e0 ag\u00eancia Lusa, os quatro elementos disseram n\u00e3o querer revelar a identidade para que a m\u00fasica que<\/p>","protected":false},"author":1,"featured_media":0,"comment_status":"open","ping_status":"open","sticky":false,"template":"","format":"standard","meta":[],"categories":[1],"tags":[],"_links":{"self":[{"href":"https:\/\/www.ecletismomusical.pt\/en\/wp-json\/wp\/v2\/posts\/563"}],"collection":[{"href":"https:\/\/www.ecletismomusical.pt\/en\/wp-json\/wp\/v2\/posts"}],"about":[{"href":"https:\/\/www.ecletismomusical.pt\/en\/wp-json\/wp\/v2\/types\/post"}],"author":[{"embeddable":true,"href":"https:\/\/www.ecletismomusical.pt\/en\/wp-json\/wp\/v2\/users\/1"}],"replies":[{"embeddable":true,"href":"https:\/\/www.ecletismomusical.pt\/en\/wp-json\/wp\/v2\/comments?post=563"}],"version-history":[{"count":0,"href":"https:\/\/www.ecletismomusical.pt\/en\/wp-json\/wp\/v2\/posts\/563\/revisions"}],"wp:attachment":[{"href":"https:\/\/www.ecletismomusical.pt\/en\/wp-json\/wp\/v2\/media?parent=563"}],"wp:term":[{"taxonomy":"category","embeddable":true,"href":"https:\/\/www.ecletismomusical.pt\/en\/wp-json\/wp\/v2\/categories?post=563"},{"taxonomy":"post_tag","embeddable":true,"href":"https:\/\/www.ecletismomusical.pt\/en\/wp-json\/wp\/v2\/tags?post=563"}],"curies":[{"name":"wp","href":"https:\/\/api.w.org\/{rel}","templated":true}]}}