{"id":565,"date":"2010-05-13T17:11:00","date_gmt":"2010-05-13T17:11:00","guid":{"rendered":"https:\/\/ecletismomusical.pt\/gotan-project-no-oeiras-sounds\/"},"modified":"2010-05-13T17:11:00","modified_gmt":"2010-05-13T17:11:00","slug":"gotan-project-no-oeiras-sounds","status":"publish","type":"post","link":"https:\/\/www.ecletismomusical.pt\/en\/gotan-project-no-oeiras-sounds\/","title":{"rendered":"Gotan Project no Oeiras Sounds"},"content":{"rendered":"<p><a href=\"http:\/\/www.bbc.co.uk\/radio3\/worldmusic\/a4wm2007\/media\/gotan_project420x315.jpg\" style=\"clear: left;float: left;margin-bottom: 1em;margin-right: 1em\"><img height=\"240\" src=\"http:\/\/www.bbc.co.uk\/radio3\/worldmusic\/a4wm2007\/media\/gotan_project420x315.jpg\" width=\"320\" \/><\/a><\/p>\n<div style=\"font-family: Arial,Helvetica,sans-serif;text-align: justify\"><\/div>\n<div style=\"font-family: Arial,Helvetica,sans-serif;text-align: justify\"><a href=\"http:\/\/www.gotanproject.com\/\"><b>Gotan Project<\/b><\/a> confirmado no cartaz do festival <b>Oeiras Sounds<\/b>.<\/div>\n<div style=\"font-family: Arial,Helvetica,sans-serif;text-align: justify\"><\/div>\n<div style=\"font-family: Arial,Helvetica,sans-serif;text-align: justify\">O colectivo actua a <b>18 de Julho nos Jardins do Pal\u00e1cio Marqu\u00eas de Pombal.<\/b> Os bilhetes custam 25 euros e foram postos \u00e0 venda ontem.<\/div>\n<p><\/p>","protected":false},"excerpt":{"rendered":"<p>Gotan Project confirmado no cartaz do festival Oeiras Sounds. O colectivo actua a 18 de Julho nos Jardins do Pal\u00e1cio Marqu\u00eas de Pombal. Os bilhetes custam 25 euros e foram postos \u00e0 venda ontem.<\/p>","protected":false},"author":1,"featured_media":0,"comment_status":"open","ping_status":"open","sticky":false,"template":"","format":"standard","meta":[],"categories":[1],"tags":[],"_links":{"self":[{"href":"https:\/\/www.ecletismomusical.pt\/en\/wp-json\/wp\/v2\/posts\/565"}],"collection":[{"href":"https:\/\/www.ecletismomusical.pt\/en\/wp-json\/wp\/v2\/posts"}],"about":[{"href":"https:\/\/www.ecletismomusical.pt\/en\/wp-json\/wp\/v2\/types\/post"}],"author":[{"embeddable":true,"href":"https:\/\/www.ecletismomusical.pt\/en\/wp-json\/wp\/v2\/users\/1"}],"replies":[{"embeddable":true,"href":"https:\/\/www.ecletismomusical.pt\/en\/wp-json\/wp\/v2\/comments?post=565"}],"version-history":[{"count":0,"href":"https:\/\/www.ecletismomusical.pt\/en\/wp-json\/wp\/v2\/posts\/565\/revisions"}],"wp:attachment":[{"href":"https:\/\/www.ecletismomusical.pt\/en\/wp-json\/wp\/v2\/media?parent=565"}],"wp:term":[{"taxonomy":"category","embeddable":true,"href":"https:\/\/www.ecletismomusical.pt\/en\/wp-json\/wp\/v2\/categories?post=565"},{"taxonomy":"post_tag","embeddable":true,"href":"https:\/\/www.ecletismomusical.pt\/en\/wp-json\/wp\/v2\/tags?post=565"}],"curies":[{"name":"wp","href":"https:\/\/api.w.org\/{rel}","templated":true}]}}