{"id":5677,"date":"2025-05-09T09:05:27","date_gmt":"2025-05-09T08:05:27","guid":{"rendered":"https:\/\/www.ecletismomusical.pt\/?p=5677"},"modified":"2025-04-26T14:02:05","modified_gmt":"2025-04-26T13:02:05","slug":"flashback-c-tangana-npr-tiny-desk-home-concert","status":"publish","type":"post","link":"https:\/\/www.ecletismomusical.pt\/en\/flashback-c-tangana-npr-tiny-desk-home-concert\/","title":{"rendered":"[Flashback] C. Tangana &#8211; NPR Tiny Desk (Home) Concert"},"content":{"rendered":"<p><iframe width=\"560\" height=\"315\" src=\"https:\/\/www.youtube.com\/embed\/SW6L_lTrIFg?si=aSJdtCgPJFLesOsG\" frameborder=\"0\" allowfullscreen=\"\"><\/iframe><\/p>\n<p>Altura para recuperar um dos <a href=\"https:\/\/www.npr.org\/2021\/04\/20\/988637275\/c-tangana-tiny-desk-home-concert\" target=\"_blank\"><em>Tiny Desk (Home) Concert<\/em> mais ic\u00f3nicos<\/a> de todos os tempos!<\/p>\n<p><strong><a href=\"https:\/\/www.instagram.com\/c.tangana\/\" target=\"_blank\">C. Tangana <img src=\"https:\/\/upload.wikimedia.org\/wikipedia\/commons\/a\/a5\/Instagram_icon.png\" alt=\"Instagram\" style=\"width: 14px;height: 14px;margin-left: 4px;vertical-align: middle\"><\/a><\/strong> transformou a sua casa num cen\u00e1rio \u00edntimo e vibrante, rodeado de fam\u00edlia, amigos e alguns dos principais nomes do Flamenco como Antonio Carmona, Kiko Veneno, La H\u00fangara e Ni\u00f1o De Elche fez uma das mais ic\u00f3nicas edi\u00e7\u00f5es do NPR Music Desk Concert!<\/p>","protected":false},"excerpt":{"rendered":"<p>Altura para recuperar um dos Tiny Desk (Home) Concert mais ic\u00f3nicos de todos os tempos! C. Tangana transformou a sua casa num cen\u00e1rio \u00edntimo e vibrante, rodeado de fam\u00edlia, amigos e alguns dos principais nomes do Flamenco como Antonio Carmona, Kiko Veneno, La H\u00fangara e Ni\u00f1o De Elche fez uma das mais ic\u00f3nicas edi\u00e7\u00f5es do<\/p>","protected":false},"author":1,"featured_media":5680,"comment_status":"open","ping_status":"open","sticky":false,"template":"","format":"standard","meta":[],"categories":[598,1,218,29],"tags":[990,177,55,380,339],"_links":{"self":[{"href":"https:\/\/www.ecletismomusical.pt\/en\/wp-json\/wp\/v2\/posts\/5677"}],"collection":[{"href":"https:\/\/www.ecletismomusical.pt\/en\/wp-json\/wp\/v2\/posts"}],"about":[{"href":"https:\/\/www.ecletismomusical.pt\/en\/wp-json\/wp\/v2\/types\/post"}],"author":[{"embeddable":true,"href":"https:\/\/www.ecletismomusical.pt\/en\/wp-json\/wp\/v2\/users\/1"}],"replies":[{"embeddable":true,"href":"https:\/\/www.ecletismomusical.pt\/en\/wp-json\/wp\/v2\/comments?post=5677"}],"version-history":[{"count":4,"href":"https:\/\/www.ecletismomusical.pt\/en\/wp-json\/wp\/v2\/posts\/5677\/revisions"}],"predecessor-version":[{"id":5682,"href":"https:\/\/www.ecletismomusical.pt\/en\/wp-json\/wp\/v2\/posts\/5677\/revisions\/5682"}],"wp:featuredmedia":[{"embeddable":true,"href":"https:\/\/www.ecletismomusical.pt\/en\/wp-json\/wp\/v2\/media\/5680"}],"wp:attachment":[{"href":"https:\/\/www.ecletismomusical.pt\/en\/wp-json\/wp\/v2\/media?parent=5677"}],"wp:term":[{"taxonomy":"category","embeddable":true,"href":"https:\/\/www.ecletismomusical.pt\/en\/wp-json\/wp\/v2\/categories?post=5677"},{"taxonomy":"post_tag","embeddable":true,"href":"https:\/\/www.ecletismomusical.pt\/en\/wp-json\/wp\/v2\/tags?post=5677"}],"curies":[{"name":"wp","href":"https:\/\/api.w.org\/{rel}","templated":true}]}}