{"id":568,"date":"2010-05-07T18:09:00","date_gmt":"2010-05-07T18:09:00","guid":{"rendered":"https:\/\/ecletismomusical.pt\/regina-spektor-pela-primeira-vez-em-portugal\/"},"modified":"2010-05-07T18:09:00","modified_gmt":"2010-05-07T18:09:00","slug":"regina-spektor-pela-primeira-vez-em-portugal","status":"publish","type":"post","link":"https:\/\/www.ecletismomusical.pt\/en\/regina-spektor-pela-primeira-vez-em-portugal\/","title":{"rendered":"Regina Spektor pela primeira vez em Portugal"},"content":{"rendered":"<div style=\"clear: both;text-align: center\"><a href=\"http:\/\/earbudz.files.wordpress.com\/2009\/03\/regina_spektor.jpg\" style=\"clear: left;float: left;margin-bottom: 1em;margin-right: 1em\"><img height=\"233\" src=\"http:\/\/earbudz.files.wordpress.com\/2009\/03\/regina_spektor.jpg\" width=\"320\" \/><\/a><\/div>\n<p><\/p>\n<div style=\"font-family: Arial,Helvetica,sans-serif;text-align: justify\"><a href=\"http:\/\/www.myspace.com\/reginaspektor\"><b>Regina Spektor<\/b><\/a> actua pela primeira vez em Portugal no pr\u00f3ximo dia 1 de Julho, no \u00e2mbito do <a href=\"http:\/\/www.cooljazzfest.com\/\"><b>Cascais Cool Jazz Fest<\/b><\/a>, que ter\u00e1, entre outros, nomes como <span><a href=\"http:\/\/www.cooljazzfest.com\/artista_norah_jones.html\" target=\"_self\" title=\"Norah Jones\">Norah Jones<\/a><\/span><span><\/span>; <span><a href=\"http:\/\/www.cooljazzfest.com\/artista_corine_bailey_rae.html\" target=\"_self\" title=\"Corinne Bailey Rae\">Corinne Bailey Rae<\/a>; <\/span><span><a href=\"http:\/\/www.cooljazzfest.com\/artista_diana_krall.html\" target=\"_self\" title=\"Diana Krall\">Diana Krall<\/a><\/span><span>; <\/span><span><a href=\"http:\/\/www.cooljazzfest.com\/artista_elvis_costello.html\" target=\"_self\" title=\"Elvis Costello &amp; The Sugarcanes\">Elvis Costello &amp; The Sugarcanes<\/a><\/span><span>.<\/span><br \/><span><\/span><\/div>\n<div style=\"font-family: Arial,Helvetica,sans-serif;text-align: justify\">Os bilhetes para o concerto de <a href=\"http:\/\/www.myspace.com\/reginaspektor\"><b>Regina Spektor<\/b><\/a>, que marca a abertura do <a href=\"http:\/\/www.cooljazzfest.com\/\"><b>Cascais Cool Jazz Fest<\/b><\/a>, custam entre 28 euros (em p\u00e9) e 35 euros (plateia sem marca\u00e7\u00e3o).<\/div>\n<p><\/p>","protected":false},"excerpt":{"rendered":"<p>Regina Spektor actua pela primeira vez em Portugal no pr\u00f3ximo dia 1 de Julho, no \u00e2mbito do Cascais Cool Jazz Fest, que ter\u00e1, entre outros, nomes como Norah Jones; Corinne Bailey Rae; Diana Krall; Elvis Costello &amp; The Sugarcanes. Os bilhetes para o concerto de Regina Spektor, que marca a abertura do Cascais Cool Jazz<\/p>","protected":false},"author":1,"featured_media":0,"comment_status":"open","ping_status":"open","sticky":false,"template":"","format":"standard","meta":[],"categories":[1],"tags":[],"_links":{"self":[{"href":"https:\/\/www.ecletismomusical.pt\/en\/wp-json\/wp\/v2\/posts\/568"}],"collection":[{"href":"https:\/\/www.ecletismomusical.pt\/en\/wp-json\/wp\/v2\/posts"}],"about":[{"href":"https:\/\/www.ecletismomusical.pt\/en\/wp-json\/wp\/v2\/types\/post"}],"author":[{"embeddable":true,"href":"https:\/\/www.ecletismomusical.pt\/en\/wp-json\/wp\/v2\/users\/1"}],"replies":[{"embeddable":true,"href":"https:\/\/www.ecletismomusical.pt\/en\/wp-json\/wp\/v2\/comments?post=568"}],"version-history":[{"count":0,"href":"https:\/\/www.ecletismomusical.pt\/en\/wp-json\/wp\/v2\/posts\/568\/revisions"}],"wp:attachment":[{"href":"https:\/\/www.ecletismomusical.pt\/en\/wp-json\/wp\/v2\/media?parent=568"}],"wp:term":[{"taxonomy":"category","embeddable":true,"href":"https:\/\/www.ecletismomusical.pt\/en\/wp-json\/wp\/v2\/categories?post=568"},{"taxonomy":"post_tag","embeddable":true,"href":"https:\/\/www.ecletismomusical.pt\/en\/wp-json\/wp\/v2\/tags?post=568"}],"curies":[{"name":"wp","href":"https:\/\/api.w.org\/{rel}","templated":true}]}}