{"id":569,"date":"2010-05-06T10:05:00","date_gmt":"2010-05-06T10:05:00","guid":{"rendered":"https:\/\/ecletismomusical.pt\/npr-music-tiny-desk-concert-moby-ft-kelli-scarr\/"},"modified":"2010-05-06T10:05:00","modified_gmt":"2010-05-06T10:05:00","slug":"npr-music-tiny-desk-concert-moby-ft-kelli-scarr","status":"publish","type":"post","link":"https:\/\/www.ecletismomusical.pt\/en\/npr-music-tiny-desk-concert-moby-ft-kelli-scarr\/","title":{"rendered":"NPR Music Tiny Desk Concert: Moby (ft. Kelli Scarr)"},"content":{"rendered":"<p><a href=\"http:\/\/www.gibson.com\/Files\/aaFeaturesImages2009\/moby1.jpg\" style=\"clear: left;float: left;margin-bottom: 1em;margin-right: 1em\"><img height=\"221\" src=\"http:\/\/www.gibson.com\/Files\/aaFeaturesImages2009\/moby1.jpg\" width=\"320\" \/><\/a><\/p>\n<p><\/p>\n<div style=\"font-family: Arial,Helvetica,sans-serif\"><\/div>\n<div style=\"font-family: Arial,Helvetica,sans-serif;text-align: justify\">Desta vez na rubrica &#8220;Project Song&#8221; (Uma m\u00fasica, dois dias, tr\u00eas vers\u00f5es), da <a href=\"http:\/\/www.npr.org\/templates\/story\/story.php?storyId=126478653\">NPR<\/a>, foi a vez de <b>Moby<\/b> and <b>Kelli Scarr<\/b> criarem&nbsp; a m\u00fasica <b>&#8220;Gone to Sleep&#8221;. <\/b>Para al\u00e9m de uma vers\u00e3o ac\u00fastica e uma&nbsp; de est\u00fadio, foi tamb\u00e9m gravada uma m\u00fasica no \u00e2mbito do programa <b><a href=\"http:\/\/www.npr.org\/templates\/story\/story.php?storyId=126478653\">&#8220;Tiny Desk Concert&#8221;.<\/a><\/b> <\/div>\n<p><\/p>\n<div style=\"font-family: Arial,Helvetica,sans-serif\"><\/div>\n<div style=\"font-family: Arial,Helvetica,sans-serif\">Download da M\u00fasica &#8211; <a href=\"http:\/\/public.npr.org\/anon.npr-mp3\/npr\/specialmusic\/2010\/05\/20100503_specialmusic_gone1.mp3?dl=1\">aqui<\/a><\/div>","protected":false},"excerpt":{"rendered":"<p>Desta vez na rubrica &#8220;Project Song&#8221; (Uma m\u00fasica, dois dias, tr\u00eas vers\u00f5es), da NPR, foi a vez de Moby e Kelli Scarr criarem&nbsp; a m\u00fasica &#8220;Gone to Sleep&#8221;. Para al\u00e9m de uma vers\u00e3o ac\u00fastica e uma&nbsp; de est\u00fadio, foi tamb\u00e9m gravada uma m\u00fasica no \u00e2mbito do programa &#8220;Tiny Desk Concert&#8221;. Download da M\u00fasica &#8211; aqui<\/p>","protected":false},"author":1,"featured_media":0,"comment_status":"open","ping_status":"open","sticky":false,"template":"","format":"standard","meta":[],"categories":[1],"tags":[],"_links":{"self":[{"href":"https:\/\/www.ecletismomusical.pt\/en\/wp-json\/wp\/v2\/posts\/569"}],"collection":[{"href":"https:\/\/www.ecletismomusical.pt\/en\/wp-json\/wp\/v2\/posts"}],"about":[{"href":"https:\/\/www.ecletismomusical.pt\/en\/wp-json\/wp\/v2\/types\/post"}],"author":[{"embeddable":true,"href":"https:\/\/www.ecletismomusical.pt\/en\/wp-json\/wp\/v2\/users\/1"}],"replies":[{"embeddable":true,"href":"https:\/\/www.ecletismomusical.pt\/en\/wp-json\/wp\/v2\/comments?post=569"}],"version-history":[{"count":0,"href":"https:\/\/www.ecletismomusical.pt\/en\/wp-json\/wp\/v2\/posts\/569\/revisions"}],"wp:attachment":[{"href":"https:\/\/www.ecletismomusical.pt\/en\/wp-json\/wp\/v2\/media?parent=569"}],"wp:term":[{"taxonomy":"category","embeddable":true,"href":"https:\/\/www.ecletismomusical.pt\/en\/wp-json\/wp\/v2\/categories?post=569"},{"taxonomy":"post_tag","embeddable":true,"href":"https:\/\/www.ecletismomusical.pt\/en\/wp-json\/wp\/v2\/tags?post=569"}],"curies":[{"name":"wp","href":"https:\/\/api.w.org\/{rel}","templated":true}]}}