{"id":570,"date":"2010-05-05T19:33:00","date_gmt":"2010-05-05T19:33:00","guid":{"rendered":"https:\/\/ecletismomusical.pt\/joanna-newsom-have-one-on-me\/"},"modified":"2010-05-05T19:33:00","modified_gmt":"2010-05-05T19:33:00","slug":"joanna-newsom-have-one-on-me","status":"publish","type":"post","link":"https:\/\/www.ecletismomusical.pt\/en\/joanna-newsom-have-one-on-me\/","title":{"rendered":"Joanna Newsom &#8211; Have One On Me"},"content":{"rendered":"<div style=\"clear: both;text-align: center\"><a href=\"http:\/\/www.thetripwire.com\/wp-content\/uploads\/2010\/02\/NewsomHaveOneOnMe.jpg\" style=\"clear: left;float: left;margin-bottom: 1em;margin-right: 1em\"><img height=\"320\" src=\"http:\/\/www.thetripwire.com\/wp-content\/uploads\/2010\/02\/NewsomHaveOneOnMe.jpg\" width=\"320\" \/><\/a><\/div>\n<p><\/p>\n<div style=\"font-family: Arial,Helvetica,sans-serif;text-align: justify\"><\/div>\n<div style=\"font-family: Arial,Helvetica,sans-serif;text-align: justify\"><\/div>\n<div style=\"font-family: Arial,Helvetica,sans-serif;text-align: justify\">Oito da noite. O chegar a casa depois de um longo dia de trabalho. Janelas abertas ao p\u00f4r do sol. Na &#8220;grafonola&#8221;, come\u00e7a a surgir e a tomar conta do espa\u00e7o a voz delicada, por vezes sussurrada,&nbsp; de <a href=\"http:\/\/www.dragcity.com\/artists\/joanna-newsom\"><b>Joanna Newsom<\/b><\/a>, como quem nos canta ao ouvido. <a href=\"http:\/\/www.myspace.com\/joannanewsomfansite\"><b>Joanna Newsom<\/b><\/a> n\u00e3o tem pressa, a sua realiza\u00e7\u00e3o criativa n\u00e3o vive aprisionada pelas press\u00f5es mercantilistas. N\u00f3s tamb\u00e9m n\u00e3o temos pressa, lentamente, descemos tranquilamente pelo sof\u00e1, enquanto fazemos rodar o suave vinho que navega pelo copo que seguramos delicadamente.<\/div>\n<div style=\"font-family: Arial,Helvetica,sans-serif;text-align: justify\"><\/div>\n<div style=\"font-family: Arial,Helvetica,sans-serif;text-align: justify\">\u00c9 um disco com alma, um disco com tempo e que exige tempo. S\u00e3o 18 temas, divididos por tr\u00eas discos. N\u00e3o \u00e9 de consumo imediato e a sua audi\u00e7\u00e3o n\u00e3o \u00e9 apenas um exerc\u00edcio de &#8220;ouvir barulho&#8221; e sentirmo-nos acompanhados. \u00c9 mais, muito mais do que isso, \u00e9 uma imensa p\u00e9rola e que faz de <b>&#8220;Have One On Me&#8221;<\/b> um dos melhores \u00e1lbuns dos \u00faltimos anos. Imperd\u00edvel, com tempo e com dedica\u00e7\u00e3o.<\/div>\n<p><br \/><\/p>","protected":false},"excerpt":{"rendered":"<p>Oito da noite. O chegar a casa depois de um longo dia de trabalho. Janelas abertas ao p\u00f4r do sol. Na &#8220;grafonola&#8221;, come\u00e7a a surgir e a tomar conta do espa\u00e7o a voz delicada, por vezes sussurrada,&nbsp; de Joanna Newsom, como quem nos canta ao ouvido. Joanna Newsom n\u00e3o tem pressa, a sua realiza\u00e7\u00e3o criativa<\/p>","protected":false},"author":1,"featured_media":0,"comment_status":"open","ping_status":"open","sticky":false,"template":"","format":"standard","meta":[],"categories":[1],"tags":[],"_links":{"self":[{"href":"https:\/\/www.ecletismomusical.pt\/en\/wp-json\/wp\/v2\/posts\/570"}],"collection":[{"href":"https:\/\/www.ecletismomusical.pt\/en\/wp-json\/wp\/v2\/posts"}],"about":[{"href":"https:\/\/www.ecletismomusical.pt\/en\/wp-json\/wp\/v2\/types\/post"}],"author":[{"embeddable":true,"href":"https:\/\/www.ecletismomusical.pt\/en\/wp-json\/wp\/v2\/users\/1"}],"replies":[{"embeddable":true,"href":"https:\/\/www.ecletismomusical.pt\/en\/wp-json\/wp\/v2\/comments?post=570"}],"version-history":[{"count":0,"href":"https:\/\/www.ecletismomusical.pt\/en\/wp-json\/wp\/v2\/posts\/570\/revisions"}],"wp:attachment":[{"href":"https:\/\/www.ecletismomusical.pt\/en\/wp-json\/wp\/v2\/media?parent=570"}],"wp:term":[{"taxonomy":"category","embeddable":true,"href":"https:\/\/www.ecletismomusical.pt\/en\/wp-json\/wp\/v2\/categories?post=570"},{"taxonomy":"post_tag","embeddable":true,"href":"https:\/\/www.ecletismomusical.pt\/en\/wp-json\/wp\/v2\/tags?post=570"}],"curies":[{"name":"wp","href":"https:\/\/api.w.org\/{rel}","templated":true}]}}