{"id":576,"date":"2010-04-26T12:01:00","date_gmt":"2010-04-26T12:01:00","guid":{"rendered":"https:\/\/ecletismomusical.pt\/porque-amanha-e-sempre-tarde-demais\/"},"modified":"2010-04-26T12:01:00","modified_gmt":"2010-04-26T12:01:00","slug":"porque-amanha-e-sempre-tarde-demais","status":"publish","type":"post","link":"https:\/\/www.ecletismomusical.pt\/en\/porque-amanha-e-sempre-tarde-demais\/","title":{"rendered":"&#8220;Porque amanh\u00e3 \u00e9 sempre tarde demais&#8230;&#8221;"},"content":{"rendered":"<p><a href=\"http:\/\/3.bp.blogspot.com\/_D55cn-YT1LU\/S9V3wbOugGI\/AAAAAAAAAD8\/9kVvttAjS5s\/s1600\/PedroAbrunhosa_Longe.jpg\" style=\"clear: left;float: left;margin-bottom: 1em;margin-right: 1em\"><img src=\"http:\/\/3.bp.blogspot.com\/_D55cn-YT1LU\/S9V3wbOugGI\/AAAAAAAAAD8\/9kVvttAjS5s\/s320\/PedroAbrunhosa_Longe.jpg\" \/><\/a><\/p>\n<div style=\"font-family: Arial,Helvetica,sans-serif;text-align: justify\"><a href=\"http:\/\/www.abrunhosa.com\/\"><b>Pedro Abrunhosa<\/b><\/a> caiu. Sim, num programa de TV. Parece que teve um enorme sucesso a queda. \u00abLonge\u00bb, o seu novo \u00e1lbum de originais, tem tudo para ser um sucesso ainda maior (j\u00e1 \u00e9 n\u00famero um do top nacional). Os Bandem\u00f3nio j\u00e1 eram, agora o acompanhamento \u00e9 apresentado pelo <b>Comit\u00e9 Caviar<\/b>. Nada mais do que <b>Cl\u00e1udio Souto<\/b> nos teclados e \u00f3rg\u00e3o, <b>Marco Nunes e Paulo Pra\u00e7a<\/b> nas guitarras, <b>Miguel Barros<\/b> no baixo, <b>Pedro Martins<\/b> na bateria e na percuss\u00e3o, <b>Patr\u00edcia Antunes e Patr\u00edcia Silveira<\/b> nos coros, ou seja, um Comit\u00e9 do mais fino Caviar!<\/div>\n<div style=\"font-family: Arial,Helvetica,sans-serif;text-align: justify\"><\/div>\n<div style=\"font-family: Arial,Helvetica,sans-serif;text-align: justify\">Esta nova banda rock de apoio ajuda a transformar o som deste <b>\u00abLonge\u00bb<\/b>. Apesar de algumas escolhas discut\u00edveis: <b>\u00abRei do Bairro Alto\u00bb<\/b> \u00e9 um erro de casting para single; <b>\u00abAi, Ai, caramba! Fui&#8230;\u00bb<\/b> era perfeitamente dispens\u00e1vel, o \u00e1lbum tem algumas m\u00fasicas muito bem conseguidas, onde sobressai aquilo que de melhor <b>Pedro Abrunhosa<\/b> tem: a qualidade da sua escrita.<\/div>\n<div style=\"font-family: Arial,Helvetica,sans-serif;text-align: justify\"><\/div>\n<div style=\"font-family: Arial,Helvetica,sans-serif;text-align: justify\">Temas como \u201c<b>Entre A Espada e A Parede\u201d; &#8220;N\u00e3o Desistas de Mim&#8221;; \u201cPode O C\u00e9u Ser T\u00e3o Longe\u201d, \u201cSe Houver Um Anjo da Guarda\u201d, \u201cFazer O Que Ainda N\u00e3o Foi Feito\u201d, \u201cDurante Toda A Noite\u201d, \u201cJ\u00e1 N\u00e3o H\u00e1 Por Onde Fugir\u201d e \u201cEnquanto H\u00e1 Estrada\u201d <\/b>far\u00e3o parte do que melhor Pedro j\u00e1 fez na sua carreira.<\/div>\n<div style=\"font-family: Arial,Helvetica,sans-serif;text-align: justify\">&nbsp; <\/div>\n<p><\/p>","protected":false},"excerpt":{"rendered":"<p>Pedro Abrunhosa caiu. Sim, num programa de TV. Parece que teve um enorme sucesso a queda. \u00abLonge\u00bb, o seu novo \u00e1lbum de originais, tem tudo para ser um sucesso ainda maior (j\u00e1 \u00e9 n\u00famero um do top nacional). Os Bandem\u00f3nio j\u00e1 eram, agora o acompanhamento \u00e9 apresentado pelo Comit\u00e9 Caviar. Nada mais do que Cl\u00e1udio<\/p>","protected":false},"author":1,"featured_media":0,"comment_status":"open","ping_status":"open","sticky":false,"template":"","format":"standard","meta":[],"categories":[1],"tags":[],"_links":{"self":[{"href":"https:\/\/www.ecletismomusical.pt\/en\/wp-json\/wp\/v2\/posts\/576"}],"collection":[{"href":"https:\/\/www.ecletismomusical.pt\/en\/wp-json\/wp\/v2\/posts"}],"about":[{"href":"https:\/\/www.ecletismomusical.pt\/en\/wp-json\/wp\/v2\/types\/post"}],"author":[{"embeddable":true,"href":"https:\/\/www.ecletismomusical.pt\/en\/wp-json\/wp\/v2\/users\/1"}],"replies":[{"embeddable":true,"href":"https:\/\/www.ecletismomusical.pt\/en\/wp-json\/wp\/v2\/comments?post=576"}],"version-history":[{"count":0,"href":"https:\/\/www.ecletismomusical.pt\/en\/wp-json\/wp\/v2\/posts\/576\/revisions"}],"wp:attachment":[{"href":"https:\/\/www.ecletismomusical.pt\/en\/wp-json\/wp\/v2\/media?parent=576"}],"wp:term":[{"taxonomy":"category","embeddable":true,"href":"https:\/\/www.ecletismomusical.pt\/en\/wp-json\/wp\/v2\/categories?post=576"},{"taxonomy":"post_tag","embeddable":true,"href":"https:\/\/www.ecletismomusical.pt\/en\/wp-json\/wp\/v2\/tags?post=576"}],"curies":[{"name":"wp","href":"https:\/\/api.w.org\/{rel}","templated":true}]}}