{"id":577,"date":"2010-04-25T10:00:00","date_gmt":"2010-04-25T10:00:00","guid":{"rendered":"https:\/\/ecletismomusical.pt\/25-de-abril-sempre\/"},"modified":"2010-04-25T10:00:00","modified_gmt":"2010-04-25T10:00:00","slug":"25-de-abril-sempre","status":"publish","type":"post","link":"https:\/\/www.ecletismomusical.pt\/en\/25-de-abril-sempre\/","title":{"rendered":"25 de Abril Sempre!"},"content":{"rendered":"<div style=\"clear: both;font-family: Arial,Helvetica,sans-serif;text-align: center\"><a href=\"http:\/\/bibliblogue.files.wordpress.com\/2009\/04\/_25_abril.jpg\" style=\"clear: left;float: left;margin-bottom: 1em;margin-right: 1em\"><img height=\"218\" src=\"http:\/\/bibliblogue.files.wordpress.com\/2009\/04\/_25_abril.jpg\" width=\"320\" \/><\/a><\/div>\n<div style=\"font-family: Arial,Helvetica,sans-serif\"><a href=\"http:\/\/pt.wikipedia.org\/wiki\/Revolu%C3%A7%C3%A3o_dos_Cravos\">Foi apenas \u00e0 36 anos&#8230;<\/a> <\/div>\n<div style=\"font-family: Arial,Helvetica,sans-serif;text-align: justify\">A can\u00e7\u00e3o de interven\u00e7\u00e3o foi sempre uma arma, com a for\u00e7a e o talento de (entre muitos outros):<\/div>\n<div style=\"font-family: Arial,Helvetica,sans-serif\"><\/div>\n<div style=\"font-family: Arial,Helvetica,sans-serif\">Adriano Correia de Oliveira<\/div>\n<div style=\"font-family: Arial,Helvetica,sans-serif\"><\/div>\n<div style=\"font-family: Arial,Helvetica,sans-serif\"><\/div>\n<div style=\"font-family: Arial,Helvetica,sans-serif\">Jos\u00e9 M\u00e1rio Branco<\/div>\n<div style=\"font-family: Arial,Helvetica,sans-serif\"><\/div>\n<div style=\"font-family: Arial,Helvetica,sans-serif\"><\/div>\n<div style=\"font-family: Arial,Helvetica,sans-serif\">Fausto<\/div>\n<div style=\"font-family: Arial,Helvetica,sans-serif\"><\/div>\n<div style=\"font-family: Arial,Helvetica,sans-serif\"><\/div>\n<div style=\"font-family: Arial,Helvetica,sans-serif\">Francisco Fanhais<\/div>\n<div style=\"font-family: Arial,Helvetica,sans-serif\"><\/div>\n<div style=\"font-family: Arial,Helvetica,sans-serif\"><\/div>\n<div style=\"font-family: Arial,Helvetica,sans-serif\">GAC<\/div>\n<div style=\"font-family: Arial,Helvetica,sans-serif\"><\/div>\n<div style=\"font-family: Arial,Helvetica,sans-serif\"><\/div>\n<div style=\"font-family: Arial,Helvetica,sans-serif\">Lu\u00eds Cilia<\/div>\n<div style=\"font-family: Arial,Helvetica,sans-serif\"><\/div>\n<div style=\"font-family: Arial,Helvetica,sans-serif\"><\/div>\n<div style=\"font-family: Arial,Helvetica,sans-serif\">Pedro Barroso<\/div>\n<div style=\"font-family: Arial,Helvetica,sans-serif\"><\/div>\n<div style=\"font-family: Arial,Helvetica,sans-serif\"><\/div>\n<div style=\"font-family: Arial,Helvetica,sans-serif\">Todos juntos&#8230;Portugal Ressuscitado<\/div>\n<div style=\"font-family: Arial,Helvetica,sans-serif\"><\/div>\n<div style=\"font-family: Arial,Helvetica,sans-serif\"><\/div>\n<div style=\"font-family: Arial,Helvetica,sans-serif\">Zeca Afonso<\/div>\n<p><\/p>\n<div style=\"text-align: justify\"><\/div>\n<div style=\"font-family: Arial,Helvetica,sans-serif;text-align: justify\">Acima da pol\u00edtica a Arte! Todos estes grandes trovadores constru\u00edram carreiras s\u00f3lidas na m\u00fasica portuguesa, quase sempre, despidos da sua vertente mais \u00abintervencionista\u00bb e que vale muito a pena conhecer. <\/div>","protected":false},"excerpt":{"rendered":"<p>Foi apenas \u00e0 36 anos&#8230; A can\u00e7\u00e3o de interven\u00e7\u00e3o foi sempre uma arma, com a for\u00e7a e o talento de (entre muitos outros): Adriano Correia de Oliveira Jos\u00e9 M\u00e1rio Branco Fausto Francisco Fanhais GAC Lu\u00eds Cilia Pedro Barroso Todos juntos&#8230;Portugal Ressuscitado Zeca Afonso Acima da pol\u00edtica a Arte! Todos estes grandes trovadores constru\u00edram carreiras s\u00f3lidas<\/p>","protected":false},"author":1,"featured_media":0,"comment_status":"open","ping_status":"open","sticky":false,"template":"","format":"standard","meta":[],"categories":[1],"tags":[],"_links":{"self":[{"href":"https:\/\/www.ecletismomusical.pt\/en\/wp-json\/wp\/v2\/posts\/577"}],"collection":[{"href":"https:\/\/www.ecletismomusical.pt\/en\/wp-json\/wp\/v2\/posts"}],"about":[{"href":"https:\/\/www.ecletismomusical.pt\/en\/wp-json\/wp\/v2\/types\/post"}],"author":[{"embeddable":true,"href":"https:\/\/www.ecletismomusical.pt\/en\/wp-json\/wp\/v2\/users\/1"}],"replies":[{"embeddable":true,"href":"https:\/\/www.ecletismomusical.pt\/en\/wp-json\/wp\/v2\/comments?post=577"}],"version-history":[{"count":0,"href":"https:\/\/www.ecletismomusical.pt\/en\/wp-json\/wp\/v2\/posts\/577\/revisions"}],"wp:attachment":[{"href":"https:\/\/www.ecletismomusical.pt\/en\/wp-json\/wp\/v2\/media?parent=577"}],"wp:term":[{"taxonomy":"category","embeddable":true,"href":"https:\/\/www.ecletismomusical.pt\/en\/wp-json\/wp\/v2\/categories?post=577"},{"taxonomy":"post_tag","embeddable":true,"href":"https:\/\/www.ecletismomusical.pt\/en\/wp-json\/wp\/v2\/tags?post=577"}],"curies":[{"name":"wp","href":"https:\/\/api.w.org\/{rel}","templated":true}]}}