{"id":5782,"date":"2025-05-09T09:27:00","date_gmt":"2025-05-09T08:27:00","guid":{"rendered":"https:\/\/www.ecletismomusical.pt\/?p=5782"},"modified":"2025-05-11T23:11:58","modified_gmt":"2025-05-11T22:11:58","slug":"new-single-gana-manhas-de-nevoeiro-feat-maze-a-garota-nao","status":"publish","type":"post","link":"https:\/\/www.ecletismomusical.pt\/en\/new-single-gana-manhas-de-nevoeiro-feat-maze-a-garota-nao\/","title":{"rendered":"[New Single] GANA  &#8211; Manh\u00e3s de Nevoeiro (feat. Maze)"},"content":{"rendered":"<div class=\"wp-block-embed__wrapper\">\n<iframe width=\"900\" height=\"506\" src=\"https:\/\/www.youtube.com\/embed\/PgLed1I8wfw?start=1&#038;feature=oembed\" frameborder=\"0\" allowfullscreen><\/iframe>\n<\/div>\n\n\n\n<p><strong>\u201cManh\u00e3s de Nevoeiro\u201d \u00e9 o 2\u00ba single de avan\u00e7o do 1\u00ba \u00e1lbum dos GANA e conta com a participa\u00e7\u00e3o do rapper Maze<\/strong>, membro do lend\u00e1rio grupo de hip-hop portugu\u00eas Dealema,<strong>&nbsp;e de C\u00e1tia M. Oliveira (A Garota N\u00e3o).&nbsp;<\/strong><\/p>\n\n\n\n<p>Foto: Tiago Cerveira<\/p>","protected":false},"excerpt":{"rendered":"<p>\u201cManh\u00e3s de Nevoeiro\u201d \u00e9 o 2\u00ba single de avan\u00e7o do 1\u00ba \u00e1lbum dos GANA e conta com a participa\u00e7\u00e3o do rapper Maze, membro do lend\u00e1rio grupo de hip-hop portugu\u00eas Dealema,&nbsp;e de C\u00e1tia M. Oliveira (A Garota N\u00e3o).&nbsp; Foto: Tiago Cerveira<\/p>","protected":false},"author":1,"featured_media":5784,"comment_status":"open","ping_status":"open","sticky":false,"template":"","format":"standard","meta":[],"categories":[22,529,26],"tags":[951,1015,1016,87],"_links":{"self":[{"href":"https:\/\/www.ecletismomusical.pt\/en\/wp-json\/wp\/v2\/posts\/5782"}],"collection":[{"href":"https:\/\/www.ecletismomusical.pt\/en\/wp-json\/wp\/v2\/posts"}],"about":[{"href":"https:\/\/www.ecletismomusical.pt\/en\/wp-json\/wp\/v2\/types\/post"}],"author":[{"embeddable":true,"href":"https:\/\/www.ecletismomusical.pt\/en\/wp-json\/wp\/v2\/users\/1"}],"replies":[{"embeddable":true,"href":"https:\/\/www.ecletismomusical.pt\/en\/wp-json\/wp\/v2\/comments?post=5782"}],"version-history":[{"count":3,"href":"https:\/\/www.ecletismomusical.pt\/en\/wp-json\/wp\/v2\/posts\/5782\/revisions"}],"predecessor-version":[{"id":5801,"href":"https:\/\/www.ecletismomusical.pt\/en\/wp-json\/wp\/v2\/posts\/5782\/revisions\/5801"}],"wp:featuredmedia":[{"embeddable":true,"href":"https:\/\/www.ecletismomusical.pt\/en\/wp-json\/wp\/v2\/media\/5784"}],"wp:attachment":[{"href":"https:\/\/www.ecletismomusical.pt\/en\/wp-json\/wp\/v2\/media?parent=5782"}],"wp:term":[{"taxonomy":"category","embeddable":true,"href":"https:\/\/www.ecletismomusical.pt\/en\/wp-json\/wp\/v2\/categories?post=5782"},{"taxonomy":"post_tag","embeddable":true,"href":"https:\/\/www.ecletismomusical.pt\/en\/wp-json\/wp\/v2\/tags?post=5782"}],"curies":[{"name":"wp","href":"https:\/\/api.w.org\/{rel}","templated":true}]}}