{"id":5818,"date":"2025-05-14T21:24:37","date_gmt":"2025-05-14T20:24:37","guid":{"rendered":"https:\/\/www.ecletismomusical.pt\/?p=5818"},"modified":"2025-05-15T11:48:25","modified_gmt":"2025-05-15T10:48:25","slug":"review-romeu-barios-rome-das-furnas","status":"publish","type":"post","link":"https:\/\/www.ecletismomusical.pt\/en\/review-romeu-barios-rome-das-furnas\/","title":{"rendered":"[Review] Romeu Barios &#8211; Rom\u00ea das F\u00fcrnas"},"content":{"rendered":"<p>Quando existem artistas que decidem seguir um caminho menos \u00f3bvio para &#8220;o sucesso&#8221;, tal merece refer\u00eancia especial. E, \u00e9 esse o caso do artista a\u00e7oriano <strong><a href=\"https:\/\/www.instagram.com\/romeubairos\/\">Romeu Bairos<\/a><\/strong> e do seu primeiro \u00e1lbum <strong>\u201cRom\u00ea das Furnas\u201d<\/strong>.<\/p>\n\n\n\n<img width=\"375\" height=\"375\" src=\"https:\/\/www.ecletismomusical.pt\/wp-content\/uploads\/2025\/05\/1242215-rome-das-furnas_110718-2317049466.jpg\" alt=\"\" class=\"wp-image-5825\" srcset=\"https:\/\/www.ecletismomusical.pt\/wp-content\/uploads\/2025\/05\/1242215-rome-das-furnas_110718-2317049466.jpg 375w, https:\/\/www.ecletismomusical.pt\/wp-content\/uploads\/2025\/05\/1242215-rome-das-furnas_110718-2317049466-300x300.jpg 300w, https:\/\/www.ecletismomusical.pt\/wp-content\/uploads\/2025\/05\/1242215-rome-das-furnas_110718-2317049466-150x150.jpg 150w, https:\/\/www.ecletismomusical.pt\/wp-content\/uploads\/2025\/05\/1242215-rome-das-furnas_110718-2317049466-12x12.jpg 12w\" \/>\n\n\n\n<p>Romeu, em vez de atenuar a pron\u00fancia para agradar a um p\u00fablico mais vasto, decide abra\u00e7ar o seu modo de falar como parte integrante da sua linguagem art\u00edstica. Essa escolha d\u00e1 ao \u00e1lbum uma cor pr\u00f3pria, quente, crua, real com produ\u00e7\u00e3o e influ\u00eancia de <strong>B Fachada.<\/strong><\/p>\n\n\n\n<div class=\"wp-block-embed__wrapper\">\n<iframe style=\"border-radius: 12px\" width=\"100%\" height=\"352\" frameborder=\"0\" allowfullscreen src=\"https:\/\/open.spotify.com\/embed\/album\/4LXkcUoiLBd7K3Wo6IyMAl?utm_source=oembed\"><\/iframe>\n<\/div>\n\n\n\n<p>O disco \u00e9 composto por sete faixas que oscilam entre a tradi\u00e7\u00e3o e a modernidade. N\u00e3o se trata apenas de uma reconstru\u00e7\u00e3o nost\u00e1lgica da m\u00fasica a\u00e7oriana, mas de uma recria\u00e7\u00e3o viva, atual, com sonoridades que tanto remetem para o fado como para o folk e o indie, sempre com um p\u00e9 na terra e outro na emo\u00e7\u00e3o. H\u00e1 can\u00e7\u00f5es que falam de pesca, de partir e de voltar, de sentimentos que ecoam nas montanhas e se dissolvem na espuma das ondas.<\/p>\n\n\n\n<div class=\"wp-block-embed__wrapper\">\n<iframe width=\"900\" height=\"506\" src=\"https:\/\/www.youtube.com\/embed\/rh--u_XNDm8?feature=oembed\" frameborder=\"0\" allowfullscreen><\/iframe>\n<\/div>\n\n\n\n<p>Antes de lan\u00e7ar <strong>\u201cRom\u00ea das Furnas\u201d<\/strong>, <strong>Romeu Bairos<\/strong> tinha ficado conhecido sobretudo pela sua apari\u00e7\u00e3o na s\u00e9rie <strong>\u00abRabo de Peixe<\/strong>\u00bb na sua vers\u00e3o de <strong>&#8220;Eu n\u00e3o vou chorar&#8221;<\/strong> de <strong>Sandro G<\/strong> e pela sua participa\u00e7\u00e3o no <strong>Festival da Can\u00e7\u00e3o 2021<\/strong>.<\/p>\n\n\n\n<div class=\"wp-block-embed__wrapper\">\n<iframe width=\"900\" height=\"506\" src=\"https:\/\/www.youtube.com\/embed\/UrrXRCKuVck?feature=oembed\" frameborder=\"0\" allowfullscreen><\/iframe>\n<\/div>\n\n\n\n<p><strong>\u201cRom\u00ea das Furnas\u201d<\/strong> \u00e9 um daqueles \u00e1lbuns que parece pequeno no formato, mas imenso na alma. Um gesto art\u00edstico e pol\u00edtico, um abra\u00e7o \u00e0 terra, uma carta de amor \u00e0 cultura que molda aquelas gentes de S\u00e3o Miguel e de todos os seus mil encantos.<\/p>","protected":false},"excerpt":{"rendered":"<p>Quando existem artistas que decidem seguir um caminho menos \u00f3bvio para &#8220;o sucesso&#8221;, tal merece refer\u00eancia especial. E, \u00e9 esse o caso do artista a\u00e7oriano Romeu Bairos e do seu primeiro \u00e1lbum \u201cRom\u00ea das Furnas\u201d. Romeu, em vez de atenuar a pron\u00fancia para agradar a um p\u00fablico mais vasto, decide abra\u00e7ar o seu modo de<\/p>","protected":false},"author":1,"featured_media":5824,"comment_status":"open","ping_status":"open","sticky":false,"template":"","format":"standard","meta":[],"categories":[1,529,28],"tags":[1027,83,98,1026],"_links":{"self":[{"href":"https:\/\/www.ecletismomusical.pt\/en\/wp-json\/wp\/v2\/posts\/5818"}],"collection":[{"href":"https:\/\/www.ecletismomusical.pt\/en\/wp-json\/wp\/v2\/posts"}],"about":[{"href":"https:\/\/www.ecletismomusical.pt\/en\/wp-json\/wp\/v2\/types\/post"}],"author":[{"embeddable":true,"href":"https:\/\/www.ecletismomusical.pt\/en\/wp-json\/wp\/v2\/users\/1"}],"replies":[{"embeddable":true,"href":"https:\/\/www.ecletismomusical.pt\/en\/wp-json\/wp\/v2\/comments?post=5818"}],"version-history":[{"count":4,"href":"https:\/\/www.ecletismomusical.pt\/en\/wp-json\/wp\/v2\/posts\/5818\/revisions"}],"predecessor-version":[{"id":5846,"href":"https:\/\/www.ecletismomusical.pt\/en\/wp-json\/wp\/v2\/posts\/5818\/revisions\/5846"}],"wp:featuredmedia":[{"embeddable":true,"href":"https:\/\/www.ecletismomusical.pt\/en\/wp-json\/wp\/v2\/media\/5824"}],"wp:attachment":[{"href":"https:\/\/www.ecletismomusical.pt\/en\/wp-json\/wp\/v2\/media?parent=5818"}],"wp:term":[{"taxonomy":"category","embeddable":true,"href":"https:\/\/www.ecletismomusical.pt\/en\/wp-json\/wp\/v2\/categories?post=5818"},{"taxonomy":"post_tag","embeddable":true,"href":"https:\/\/www.ecletismomusical.pt\/en\/wp-json\/wp\/v2\/tags?post=5818"}],"curies":[{"name":"wp","href":"https:\/\/api.w.org\/{rel}","templated":true}]}}