{"id":5853,"date":"2025-05-22T09:26:59","date_gmt":"2025-05-22T08:26:59","guid":{"rendered":"https:\/\/www.ecletismomusical.pt\/?p=5853"},"modified":"2025-05-22T09:27:13","modified_gmt":"2025-05-22T08:27:13","slug":"new-single-los-romeros-rosas","status":"publish","type":"post","link":"https:\/\/www.ecletismomusical.pt\/en\/new-single-los-romeros-rosas\/","title":{"rendered":"[New Single] Los Romeros &#8211; Rosas"},"content":{"rendered":"<p>A banda portuguesa <strong><a href=\"https:\/\/www.instagram.com\/losromerosoficial\/\">Los Romeros<\/a><\/strong> lan\u00e7ou recentemente <strong>&#8220;Rosas&#8221;<\/strong>, o seu primeiro tema original. Este lan\u00e7amento marca mais um passo na evolu\u00e7\u00e3o sonora do grupo, numa fus\u00e3o entre ritmos latinos, influ\u00eancias pop e flamencas.<\/p>\n\n\n\n<div class=\"wp-block-embed__wrapper\">\n<iframe width=\"900\" height=\"506\" src=\"https:\/\/www.youtube.com\/embed\/qOM1WLgH2WM?feature=oembed\" frameborder=\"0\" allowfullscreen><\/iframe>\n<\/div>\n\n\n\n<p>Formados em 2012, os Los Romeros s\u00e3o compostos por <strong>Paula Carapeta<\/strong>, <strong>Alberto Pereira<\/strong> and <strong>Jorge Piedade<\/strong>. Origin\u00e1rios de Sousel, Alentejo, t\u00eam vindo a trilhar um caminho interessante na m\u00fasica portuguesa.<\/p>\n\n\n\n<div class=\"wp-block-embed__wrapper\">\n<iframe width=\"900\" height=\"506\" src=\"https:\/\/www.youtube.com\/embed\/Kt4OfKd7Q9A?feature=oembed\" frameborder=\"0\" allowfullscreen><\/iframe>\n<\/div>\n\n\n\n<p>Em 2023, a sua colabora\u00e7\u00e3o com os D.A.M.A no single <strong>&#8220;Loucamente&#8221;<\/strong> (uma reinterpreta\u00e7\u00e3o de um tema do duo cigano \u00d3dio e Mel), abriu-lhes as portas para maior visibilidade.<\/p>\n\n\n\n<div class=\"wp-block-embed__wrapper\">\n<iframe width=\"900\" height=\"675\" src=\"https:\/\/www.youtube.com\/embed\/FuOT8rEUIvE?feature=oembed\" frameborder=\"0\" allowfullscreen><\/iframe>\n<\/div>\n\n\n\n<p>De destacar a presen\u00e7a dos Los Romeros, no Podcast do <a href=\"https:\/\/www.youtube.com\/channel\/UC3IQsvYCPLL0ASVg5luUKNg\">David Antunes<\/a> &#8211; <a href=\"https:\/\/www.youtube.com\/watch?v=8GcJoqRXoKQ&amp;list=PLPBZIkE5tQ9DoIRASsV3GfjvRg98my94Q\">Canta-me uma hist\u00f3ria<\/a> (canal de visita obrigat\u00f3ria!), onde tiveram oportunidade de, num registo mais visceral, mostrar o seu talento.<\/p>\n\n\n\n<div class=\"wp-block-embed__wrapper\">\n<iframe width=\"900\" height=\"506\" src=\"https:\/\/www.youtube.com\/embed\/3DKTzdqsoS0?feature=oembed\" frameborder=\"0\" allowfullscreen><\/iframe>\n<\/div>\n\n\n\n<p>Photo by: <a href=\"https:\/\/www.instagram.com\/henrique_massano\/\">@henrique_massano<\/a><\/p>","protected":false},"excerpt":{"rendered":"<p>A banda portuguesa Los Romeros lan\u00e7ou recentemente &#8220;Rosas&#8221;, o seu primeiro tema original. Este lan\u00e7amento marca mais um passo na evolu\u00e7\u00e3o sonora do grupo, numa fus\u00e3o entre ritmos latinos, influ\u00eancias pop e flamencas. Formados em 2012, os Los Romeros s\u00e3o compostos por Paula Carapeta, Alberto Pereira e Jorge Piedade. Origin\u00e1rios de Sousel, Alentejo, t\u00eam vindo<\/p>","protected":false},"author":1,"featured_media":5859,"comment_status":"open","ping_status":"open","sticky":false,"template":"","format":"standard","meta":[],"categories":[1,26],"tags":[1034,955,1022,1032,1033,981],"_links":{"self":[{"href":"https:\/\/www.ecletismomusical.pt\/en\/wp-json\/wp\/v2\/posts\/5853"}],"collection":[{"href":"https:\/\/www.ecletismomusical.pt\/en\/wp-json\/wp\/v2\/posts"}],"about":[{"href":"https:\/\/www.ecletismomusical.pt\/en\/wp-json\/wp\/v2\/types\/post"}],"author":[{"embeddable":true,"href":"https:\/\/www.ecletismomusical.pt\/en\/wp-json\/wp\/v2\/users\/1"}],"replies":[{"embeddable":true,"href":"https:\/\/www.ecletismomusical.pt\/en\/wp-json\/wp\/v2\/comments?post=5853"}],"version-history":[{"count":4,"href":"https:\/\/www.ecletismomusical.pt\/en\/wp-json\/wp\/v2\/posts\/5853\/revisions"}],"predecessor-version":[{"id":6023,"href":"https:\/\/www.ecletismomusical.pt\/en\/wp-json\/wp\/v2\/posts\/5853\/revisions\/6023"}],"wp:featuredmedia":[{"embeddable":true,"href":"https:\/\/www.ecletismomusical.pt\/en\/wp-json\/wp\/v2\/media\/5859"}],"wp:attachment":[{"href":"https:\/\/www.ecletismomusical.pt\/en\/wp-json\/wp\/v2\/media?parent=5853"}],"wp:term":[{"taxonomy":"category","embeddable":true,"href":"https:\/\/www.ecletismomusical.pt\/en\/wp-json\/wp\/v2\/categories?post=5853"},{"taxonomy":"post_tag","embeddable":true,"href":"https:\/\/www.ecletismomusical.pt\/en\/wp-json\/wp\/v2\/tags?post=5853"}],"curies":[{"name":"wp","href":"https:\/\/api.w.org\/{rel}","templated":true}]}}