{"id":5871,"date":"2025-06-07T19:37:55","date_gmt":"2025-06-07T18:37:55","guid":{"rendered":"https:\/\/www.ecletismomusical.pt\/?p=5871"},"modified":"2025-06-07T19:52:06","modified_gmt":"2025-06-07T18:52:06","slug":"worth-listening-to-terraplana-natural","status":"publish","type":"post","link":"https:\/\/www.ecletismomusical.pt\/en\/worth-listening-to-terraplana-natural\/","title":{"rendered":"[Worth Listening To] terraplana &#8211; Natural"},"content":{"rendered":"<p>O segundo \u00e1lbum da banda curitibana <a href=\"https:\/\/www.instagram.com\/trrpln\/\">Terraplana<\/a>, &#8220;<em><strong>Natural<\/strong><\/em>&#8220;, marca um novo momento criativo para o grupo, agora menos preso ao shoegaze puro e mais aberto a experimenta\u00e7\u00f5es dentro do universo do rock alternativo. <\/p>\n\n\n\n<p>\u00c9 um \u00e1lbum que encontra beleza na calma, mas tamb\u00e9m no ru\u00eddo, e que confia no tempo das can\u00e7\u00f5es para se revelarem.<\/p>\n\n\n\n<div class=\"wp-block-embed__wrapper\">\n<iframe style=\"border-radius: 12px\" width=\"100%\" height=\"352\" frameborder=\"0\" allowfullscreen src=\"https:\/\/open.spotify.com\/embed\/album\/3JZZxtRlX16JGi8y1V2Ffu?si=5o5waWxGREK3oxTKdkoZCg&#038;utm_source=oembed\"><\/iframe>\n<\/div>\n\n\n\n<p>Destaque igualmente para a colabora\u00e7\u00e3o com Winter em &#8220;Hear a Whisper&#8221;, numa can\u00e7\u00e3o biligue. Um disco que pede escuta atenta e oferece, em troca, uma experi\u00eancia emocional rica e duradoura.<\/p>\n\n\n\n<div class=\"wp-block-embed__wrapper\">\n<iframe width=\"900\" height=\"506\" src=\"https:\/\/www.youtube.com\/embed\/bNjNmdBSGl0?feature=oembed\" frameborder=\"0\" allowfullscreen><\/iframe>\n<\/div>","protected":false},"excerpt":{"rendered":"<p>O segundo \u00e1lbum da banda curitibana Terraplana, &#8220;Natural&#8220;, marca um novo momento criativo para o grupo, agora menos preso ao shoegaze puro e mais aberto a experimenta\u00e7\u00f5es dentro do universo do rock alternativo. \u00c9 um \u00e1lbum que encontra beleza na calma, mas tamb\u00e9m no ru\u00eddo, e que confia no tempo das can\u00e7\u00f5es para se revelarem.<\/p>","protected":false},"author":1,"featured_media":6335,"comment_status":"open","ping_status":"open","sticky":false,"template":"","format":"standard","meta":[],"categories":[1,529,30],"tags":[930,1103,115],"_links":{"self":[{"href":"https:\/\/www.ecletismomusical.pt\/en\/wp-json\/wp\/v2\/posts\/5871"}],"collection":[{"href":"https:\/\/www.ecletismomusical.pt\/en\/wp-json\/wp\/v2\/posts"}],"about":[{"href":"https:\/\/www.ecletismomusical.pt\/en\/wp-json\/wp\/v2\/types\/post"}],"author":[{"embeddable":true,"href":"https:\/\/www.ecletismomusical.pt\/en\/wp-json\/wp\/v2\/users\/1"}],"replies":[{"embeddable":true,"href":"https:\/\/www.ecletismomusical.pt\/en\/wp-json\/wp\/v2\/comments?post=5871"}],"version-history":[{"count":3,"href":"https:\/\/www.ecletismomusical.pt\/en\/wp-json\/wp\/v2\/posts\/5871\/revisions"}],"predecessor-version":[{"id":6338,"href":"https:\/\/www.ecletismomusical.pt\/en\/wp-json\/wp\/v2\/posts\/5871\/revisions\/6338"}],"wp:featuredmedia":[{"embeddable":true,"href":"https:\/\/www.ecletismomusical.pt\/en\/wp-json\/wp\/v2\/media\/6335"}],"wp:attachment":[{"href":"https:\/\/www.ecletismomusical.pt\/en\/wp-json\/wp\/v2\/media?parent=5871"}],"wp:term":[{"taxonomy":"category","embeddable":true,"href":"https:\/\/www.ecletismomusical.pt\/en\/wp-json\/wp\/v2\/categories?post=5871"},{"taxonomy":"post_tag","embeddable":true,"href":"https:\/\/www.ecletismomusical.pt\/en\/wp-json\/wp\/v2\/tags?post=5871"}],"curies":[{"name":"wp","href":"https:\/\/api.w.org\/{rel}","templated":true}]}}