{"id":5873,"date":"2025-05-23T09:52:22","date_gmt":"2025-05-23T08:52:22","guid":{"rendered":"https:\/\/www.ecletismomusical.pt\/?p=5873"},"modified":"2025-05-23T09:54:30","modified_gmt":"2025-05-23T08:54:30","slug":"new-single-rodrigo-leao-estranho-imperfeito","status":"publish","type":"post","link":"https:\/\/www.ecletismomusical.pt\/en\/new-single-rodrigo-leao-estranho-imperfeito\/","title":{"rendered":"[New Single] Rodrigo Le\u00e3o &#8211; Estranho Imperfeito"},"content":{"rendered":"<div class=\"wp-block-embed__wrapper\">\n<iframe width=\"900\" height=\"675\" src=\"https:\/\/www.youtube.com\/embed\/sVbMjdFqVV0?feature=oembed\" frameborder=\"0\" allowfullscreen><\/iframe>\n<\/div>\n\n\n\n<p>Poucos m\u00fasicos em Portugal conseguiram tra\u00e7ar um percurso t\u00e3o coerente e inovador como <a href=\"https:\/\/www.rodrigoleao.pt\/\">Rodrigo Le\u00e3o<\/a>. Desde os seus primeiros passos com os S\u00e9tima Legi\u00e3o, passando pelo papel fundamental nos Madredeus, at\u00e9 \u00e0 sua carreira a solo, tem constru\u00eddo uma obra singular, onde a melodia, a contempla\u00e7\u00e3o e a emo\u00e7\u00e3o s\u00e3o fios condutores constantes.<\/p>\n\n\n\n<p>No seu mais recente \u00e1lbum, <em>O Rapaz da Montanha<\/em> (2025), Rodrigo Le\u00e3o afirma-se, nas suas pr\u00f3prias palavras, como mais portugu\u00eas do que nunca. E a can\u00e7\u00e3o <strong>\u201cEstranho Imperfeito\u201d<\/strong> \u00e9 um dos pontos altos desse regresso \u00e0s ra\u00edzes.<\/p>","protected":false},"excerpt":{"rendered":"<p>Poucos m\u00fasicos em Portugal conseguiram tra\u00e7ar um percurso t\u00e3o coerente e inovador como Rodrigo Le\u00e3o. Desde os seus primeiros passos com os S\u00e9tima Legi\u00e3o, passando pelo papel fundamental nos Madredeus, at\u00e9 \u00e0 sua carreira a solo, tem constru\u00eddo uma obra singular, onde a melodia, a contempla\u00e7\u00e3o e a emo\u00e7\u00e3o s\u00e3o fios condutores constantes. No seu<\/p>","protected":false},"author":1,"featured_media":6083,"comment_status":"open","ping_status":"open","sticky":false,"template":"","format":"standard","meta":[],"categories":[1,26],"tags":[87,1068],"_links":{"self":[{"href":"https:\/\/www.ecletismomusical.pt\/en\/wp-json\/wp\/v2\/posts\/5873"}],"collection":[{"href":"https:\/\/www.ecletismomusical.pt\/en\/wp-json\/wp\/v2\/posts"}],"about":[{"href":"https:\/\/www.ecletismomusical.pt\/en\/wp-json\/wp\/v2\/types\/post"}],"author":[{"embeddable":true,"href":"https:\/\/www.ecletismomusical.pt\/en\/wp-json\/wp\/v2\/users\/1"}],"replies":[{"embeddable":true,"href":"https:\/\/www.ecletismomusical.pt\/en\/wp-json\/wp\/v2\/comments?post=5873"}],"version-history":[{"count":2,"href":"https:\/\/www.ecletismomusical.pt\/en\/wp-json\/wp\/v2\/posts\/5873\/revisions"}],"predecessor-version":[{"id":6084,"href":"https:\/\/www.ecletismomusical.pt\/en\/wp-json\/wp\/v2\/posts\/5873\/revisions\/6084"}],"wp:featuredmedia":[{"embeddable":true,"href":"https:\/\/www.ecletismomusical.pt\/en\/wp-json\/wp\/v2\/media\/6083"}],"wp:attachment":[{"href":"https:\/\/www.ecletismomusical.pt\/en\/wp-json\/wp\/v2\/media?parent=5873"}],"wp:term":[{"taxonomy":"category","embeddable":true,"href":"https:\/\/www.ecletismomusical.pt\/en\/wp-json\/wp\/v2\/categories?post=5873"},{"taxonomy":"post_tag","embeddable":true,"href":"https:\/\/www.ecletismomusical.pt\/en\/wp-json\/wp\/v2\/tags?post=5873"}],"curies":[{"name":"wp","href":"https:\/\/api.w.org\/{rel}","templated":true}]}}