{"id":5886,"date":"2025-05-16T21:03:42","date_gmt":"2025-05-16T20:03:42","guid":{"rendered":"https:\/\/www.ecletismomusical.pt\/?p=5886"},"modified":"2025-05-16T21:36:12","modified_gmt":"2025-05-16T20:36:12","slug":"flashback-mestiza-friends-dj-live-session-flamenco-y-electronica-en-sacromonte-espana","status":"publish","type":"post","link":"https:\/\/www.ecletismomusical.pt\/en\/flashback-mestiza-friends-dj-live-session-flamenco-y-electronica-en-sacromonte-espana\/","title":{"rendered":"[Flashback] M\u00cbSTIZA &#038; Friends &#8211; (DJ live session) Flamenco y Electr\u00f3nica en Sacromonte (Espa\u00f1a)"},"content":{"rendered":"<div class=\"wp-block-embed__wrapper\">\n<iframe width=\"900\" height=\"506\" src=\"https:\/\/www.youtube.com\/embed\/wJNlRhB5vzY?start=7&#038;feature=oembed\" frameborder=\"0\" allowfullscreen><\/iframe>\n<\/div>\n\n\n\n<p>No cora\u00e7\u00e3o do Sacromonte, nas lend\u00e1rias covas de Granada, entre grutas brancas e colinas sagradas, o duo <a href=\"https:\/\/mestiza.es\/who-is-mestiza\/\" target=\"_blank\">M\u00cbSTIZA<\/a> fez uma DJ live session hist\u00f3rica, que combina tradi\u00e7\u00e3o (flamenco) e vanguarda (electr\u00f3nica).<\/p>","protected":false},"excerpt":{"rendered":"<p>No cora\u00e7\u00e3o do Sacromonte, nas lend\u00e1rias covas de Granada, entre grutas brancas e colinas sagradas, o duo M\u00cbSTIZA fez uma DJ live session hist\u00f3rica, que combina tradi\u00e7\u00e3o (flamenco) e vanguarda (electr\u00f3nica).<\/p>","protected":false},"author":1,"featured_media":5888,"comment_status":"open","ping_status":"open","sticky":false,"template":"","format":"standard","meta":[],"categories":[1,218,483],"tags":[1043,1022,1042],"_links":{"self":[{"href":"https:\/\/www.ecletismomusical.pt\/en\/wp-json\/wp\/v2\/posts\/5886"}],"collection":[{"href":"https:\/\/www.ecletismomusical.pt\/en\/wp-json\/wp\/v2\/posts"}],"about":[{"href":"https:\/\/www.ecletismomusical.pt\/en\/wp-json\/wp\/v2\/types\/post"}],"author":[{"embeddable":true,"href":"https:\/\/www.ecletismomusical.pt\/en\/wp-json\/wp\/v2\/users\/1"}],"replies":[{"embeddable":true,"href":"https:\/\/www.ecletismomusical.pt\/en\/wp-json\/wp\/v2\/comments?post=5886"}],"version-history":[{"count":1,"href":"https:\/\/www.ecletismomusical.pt\/en\/wp-json\/wp\/v2\/posts\/5886\/revisions"}],"predecessor-version":[{"id":5889,"href":"https:\/\/www.ecletismomusical.pt\/en\/wp-json\/wp\/v2\/posts\/5886\/revisions\/5889"}],"wp:featuredmedia":[{"embeddable":true,"href":"https:\/\/www.ecletismomusical.pt\/en\/wp-json\/wp\/v2\/media\/5888"}],"wp:attachment":[{"href":"https:\/\/www.ecletismomusical.pt\/en\/wp-json\/wp\/v2\/media?parent=5886"}],"wp:term":[{"taxonomy":"category","embeddable":true,"href":"https:\/\/www.ecletismomusical.pt\/en\/wp-json\/wp\/v2\/categories?post=5886"},{"taxonomy":"post_tag","embeddable":true,"href":"https:\/\/www.ecletismomusical.pt\/en\/wp-json\/wp\/v2\/tags?post=5886"}],"curies":[{"name":"wp","href":"https:\/\/api.w.org\/{rel}","templated":true}]}}