{"id":589,"date":"2010-04-12T12:17:00","date_gmt":"2010-04-12T12:17:00","guid":{"rendered":"https:\/\/ecletismomusical.pt\/orelha-negra-nao-ha-nada-mais-novo-do-que-a-memoria\/"},"modified":"2010-04-12T12:17:00","modified_gmt":"2010-04-12T12:17:00","slug":"orelha-negra-nao-ha-nada-mais-novo-do-que-a-memoria","status":"publish","type":"post","link":"https:\/\/www.ecletismomusical.pt\/en\/orelha-negra-nao-ha-nada-mais-novo-do-que-a-memoria\/","title":{"rendered":"Orelha Negra &#8211; &#8220;N\u00e3o h\u00e1 nada mais novo do que a mem\u00f3ria&#8221;"},"content":{"rendered":"<p><img height=\"320\" src=\"http:\/\/www.enchufada.com\/wp-content\/uploads\/2009\/04\/orelha-negra_logo.png\" width=\"224\" \/><\/p>\n<div style=\"font-family: Arial,Helvetica,sans-serif;text-align: justify\"><\/div>\n<div style=\"font-family: Arial,Helvetica,sans-serif;text-align: justify\"><a href=\"http:\/\/www.myspace.com\/orelhanegra\">Orelha Negra<\/a> \u00e9 um colectivo composto por Sam The Kid; Fred Ferreira (Buraka Som Sistema); DJ Cruzfader; Francisco Rebelo e Jo\u00e3o Gomes (ambos dos Cool Hipnoise).<\/div>\n<div style=\"font-family: Arial,Helvetica,sans-serif;text-align: justify\"><\/div>\n<div style=\"font-family: Arial,Helvetica,sans-serif;text-align: justify\">Num excelente trabalho instrumental e com uma magistral utiliza\u00e7\u00e3o de <i>samples,<\/i> os <b>Orelha Negra<\/b> apresentam um ambiente sonoro entre a m\u00fasica negra, o hip-hop e a nova Portugalidade.<\/div>\n<p><\/p>","protected":false},"excerpt":{"rendered":"<p>Orelha Negra \u00e9 um colectivo composto por Sam The Kid; Fred Ferreira (Buraka Som Sistema); DJ Cruzfader; Francisco Rebelo e Jo\u00e3o Gomes (ambos dos Cool Hipnoise). Num excelente trabalho instrumental e com uma magistral utiliza\u00e7\u00e3o de samples, os Orelha Negra apresentam um ambiente sonoro entre a m\u00fasica negra, o hip-hop e a nova Portugalidade.<\/p>","protected":false},"author":1,"featured_media":0,"comment_status":"open","ping_status":"open","sticky":false,"template":"","format":"standard","meta":[],"categories":[1],"tags":[],"_links":{"self":[{"href":"https:\/\/www.ecletismomusical.pt\/en\/wp-json\/wp\/v2\/posts\/589"}],"collection":[{"href":"https:\/\/www.ecletismomusical.pt\/en\/wp-json\/wp\/v2\/posts"}],"about":[{"href":"https:\/\/www.ecletismomusical.pt\/en\/wp-json\/wp\/v2\/types\/post"}],"author":[{"embeddable":true,"href":"https:\/\/www.ecletismomusical.pt\/en\/wp-json\/wp\/v2\/users\/1"}],"replies":[{"embeddable":true,"href":"https:\/\/www.ecletismomusical.pt\/en\/wp-json\/wp\/v2\/comments?post=589"}],"version-history":[{"count":0,"href":"https:\/\/www.ecletismomusical.pt\/en\/wp-json\/wp\/v2\/posts\/589\/revisions"}],"wp:attachment":[{"href":"https:\/\/www.ecletismomusical.pt\/en\/wp-json\/wp\/v2\/media?parent=589"}],"wp:term":[{"taxonomy":"category","embeddable":true,"href":"https:\/\/www.ecletismomusical.pt\/en\/wp-json\/wp\/v2\/categories?post=589"},{"taxonomy":"post_tag","embeddable":true,"href":"https:\/\/www.ecletismomusical.pt\/en\/wp-json\/wp\/v2\/tags?post=589"}],"curies":[{"name":"wp","href":"https:\/\/api.w.org\/{rel}","templated":true}]}}