{"id":5926,"date":"2025-06-07T08:54:49","date_gmt":"2025-06-07T07:54:49","guid":{"rendered":"https:\/\/www.ecletismomusical.pt\/?p=5926"},"modified":"2025-06-07T08:56:29","modified_gmt":"2025-06-07T07:56:29","slug":"worth-listening-to-atorneira-vento-do-norte","status":"publish","type":"post","link":"https:\/\/www.ecletismomusical.pt\/en\/worth-listening-to-atorneira-vento-do-norte\/","title":{"rendered":"[Worth Listening To] \u00c0Torneira &#8211; Vento do Norte"},"content":{"rendered":"<p><a href=\"https:\/\/www.instagram.com\/atorneiraband\/\">\u00c0Torneira<\/a> \u00e9 um projeto musical portugu\u00eas que se destaca pela fus\u00e3o de sonoridades tradicionais com elementos contempor\u00e2neos, criando uma identidade \u00fanica. <\/p>\n\n\n\n<p>O single <strong>&#8220;Vento do Norte&#8221;<\/strong> mergulha nas ra\u00edzes e nas feridas do territ\u00f3rio. A can\u00e7\u00e3o ergue-se como um lamento sereno e, ao mesmo tempo, como um grito silencioso sobre a desertifica\u00e7\u00e3o dos pequenos lugares e as gera\u00e7\u00f5es de saudade que esse vazio vai gerando.<\/p>\n\n\n\n<div class=\"wp-block-embed__wrapper\">\n<iframe width=\"900\" height=\"506\" src=\"https:\/\/www.youtube.com\/embed\/4R9uCZ0eBAM?feature=oembed\" frameborder=\"0\" allowfullscreen><\/iframe>\n<\/div>\n\n\n\n<p><em>\u201cOnde a terra descansa, a saudade vive e espera\u201d<\/em> \u00e9 um retrato delicado do abandono rural, das casas fechadas, do &#8220;frio&#8221; dos campos por lavrar e da mem\u00f3ria coletiva que resiste nas entrelinhas do sil\u00eancio.<\/p>\n\n\n\n<p>Venceram recentemente o concurso &#8220;Temos Artista&#8221; do programa Pra\u00e7a da Alegria &#8211; RTP.<\/p>","protected":false},"excerpt":{"rendered":"<p>\u00c0Torneira \u00e9 um projeto musical portugu\u00eas que se destaca pela fus\u00e3o de sonoridades tradicionais com elementos contempor\u00e2neos, criando uma identidade \u00fanica. O single &#8220;Vento do Norte&#8221; mergulha nas ra\u00edzes e nas feridas do territ\u00f3rio. A can\u00e7\u00e3o ergue-se como um lamento sereno e, ao mesmo tempo, como um grito silencioso sobre a desertifica\u00e7\u00e3o dos pequenos lugares<\/p>","protected":false},"author":1,"featured_media":6339,"comment_status":"open","ping_status":"open","sticky":false,"template":"","format":"standard","meta":[],"categories":[1,26,30],"tags":[1104,83,115],"_links":{"self":[{"href":"https:\/\/www.ecletismomusical.pt\/en\/wp-json\/wp\/v2\/posts\/5926"}],"collection":[{"href":"https:\/\/www.ecletismomusical.pt\/en\/wp-json\/wp\/v2\/posts"}],"about":[{"href":"https:\/\/www.ecletismomusical.pt\/en\/wp-json\/wp\/v2\/types\/post"}],"author":[{"embeddable":true,"href":"https:\/\/www.ecletismomusical.pt\/en\/wp-json\/wp\/v2\/users\/1"}],"replies":[{"embeddable":true,"href":"https:\/\/www.ecletismomusical.pt\/en\/wp-json\/wp\/v2\/comments?post=5926"}],"version-history":[{"count":3,"href":"https:\/\/www.ecletismomusical.pt\/en\/wp-json\/wp\/v2\/posts\/5926\/revisions"}],"predecessor-version":[{"id":6341,"href":"https:\/\/www.ecletismomusical.pt\/en\/wp-json\/wp\/v2\/posts\/5926\/revisions\/6341"}],"wp:featuredmedia":[{"embeddable":true,"href":"https:\/\/www.ecletismomusical.pt\/en\/wp-json\/wp\/v2\/media\/6339"}],"wp:attachment":[{"href":"https:\/\/www.ecletismomusical.pt\/en\/wp-json\/wp\/v2\/media?parent=5926"}],"wp:term":[{"taxonomy":"category","embeddable":true,"href":"https:\/\/www.ecletismomusical.pt\/en\/wp-json\/wp\/v2\/categories?post=5926"},{"taxonomy":"post_tag","embeddable":true,"href":"https:\/\/www.ecletismomusical.pt\/en\/wp-json\/wp\/v2\/tags?post=5926"}],"curies":[{"name":"wp","href":"https:\/\/api.w.org\/{rel}","templated":true}]}}